{"id":7188,"date":"2016-08-08T12:30:12","date_gmt":"2016-08-08T12:30:12","guid":{"rendered":"http:\/\/thurzozoltan.com\/de\/orizni-kell-a-kulturalis-szellemi-orokseget\/"},"modified":"2016-10-26T13:53:37","modified_gmt":"2016-10-26T13:53:37","slug":"orizni-kell-a-kulturalis-szellemi-orokseget","status":"publish","type":"post","link":"http:\/\/thurzozoltan.com\/de\/orizni-kell-a-kulturalis-szellemi-orokseget\/","title":{"rendered":"Die Kulturerbe sollte gepflegt und bewahrt sein"},"content":{"rendered":"[et_pb_section admin_label=&#8221;Section&#8221; fullwidth=&#8221;on&#8221; specialty=&#8221;off&#8221; transparent_background=&#8221;on&#8221; background_color=&#8221;#ffffff&#8221; allow_player_pause=&#8221;off&#8221; inner_shadow=&#8221;off&#8221; parallax=&#8221;off&#8221; parallax_method=&#8221;off&#8221; padding_mobile=&#8221;off&#8221; make_fullwidth=&#8221;off&#8221; use_custom_width=&#8221;off&#8221; width_unit=&#8221;on&#8221; make_equal=&#8221;off&#8221; use_custom_gutter=&#8221;off&#8221;][et_pb_fullwidth_post_title admin_label=&#8221;Fullwidth Post Title&#8221; title=&#8221;on&#8221; meta=&#8221;off&#8221; author=&#8221;on&#8221; date=&#8221;on&#8221; categories=&#8221;on&#8221; comments=&#8221;on&#8221; featured_image=&#8221;off&#8221; featured_placement=&#8221;below&#8221; parallax_effect=&#8221;on&#8221; parallax_method=&#8221;on&#8221; text_orientation=&#8221;center&#8221; text_color=&#8221;dark&#8221; text_background=&#8221;off&#8221; text_bg_color=&#8221;rgba(255,255,255,0.9)&#8221; module_bg_color=&#8221;rgba(255,255,255,0)&#8221; title_font_size=&#8221;36&#8243; title_font_size_tablet=&#8221;29&#8243; title_font_size_phone=&#8221;20&#8243; title_font_size_last_edited=&#8221;on|phone&#8221; title_text_color=&#8221;#fee29b&#8221; title_all_caps=&#8221;off&#8221; use_border_color=&#8221;off&#8221; border_color=&#8221;#ffffff&#8221; border_style=&#8221;solid&#8221;] [\/et_pb_fullwidth_post_title][\/et_pb_section][et_pb_section admin_label=&#8221;section&#8221; transparent_background=&#8221;on&#8221; background_color=&#8221;#ffffff&#8221; allow_player_pause=&#8221;off&#8221; inner_shadow=&#8221;off&#8221; parallax=&#8221;off&#8221; parallax_method=&#8221;off&#8221; padding_mobile=&#8221;off&#8221; make_fullwidth=&#8221;off&#8221; use_custom_width=&#8221;off&#8221; width_unit=&#8221;on&#8221; make_equal=&#8221;off&#8221; use_custom_gutter=&#8221;off&#8221;][et_pb_row admin_label=&#8221;row&#8221;][et_pb_column type=&#8221;4_4&#8243;][et_pb_text admin_label=&#8221;Text&#8221; background_layout=&#8221;light&#8221; text_orientation=&#8221;justified&#8221; use_border_color=&#8221;off&#8221; border_color=&#8221;#ffffff&#8221; border_style=&#8221;solid&#8221;]\n<p><img loading=\"lazy\" decoding=\"async\" class=\"wp-image-6160  alignleft\" src=\"http:\/\/thurzozoltan.com\/wp-content\/uploads\/2016\/08\/64388thurzo-Sandor-300x300.jpg\" width=\"235\" height=\"235\" srcset=\"http:\/\/thurzozoltan.com\/wp-content\/uploads\/2016\/08\/64388thurzo-Sandor-300x300.jpg 300w, http:\/\/thurzozoltan.com\/wp-content\/uploads\/2016\/08\/64388thurzo-Sandor-150x150.jpg 150w, http:\/\/thurzozoltan.com\/wp-content\/uploads\/2016\/08\/64388thurzo-Sandor-768x768.jpg 768w, http:\/\/thurzozoltan.com\/wp-content\/uploads\/2016\/08\/64388thurzo-Sandor.jpg 800w\" sizes=\"auto, (max-width: 235px) 100vw, 235px\" \/>&#8220;\u2026Die Bl\u00fctezeit des Musiklebens in Oradea w\u00e4hrend dieser Zeit ist vor allem dank des Baron Bischofs Patachich \u00c1dam, der f\u00fcr die Unterst\u00fctzung der Kunst bekannt ist, und die besten Musiker der Zeit in seinem Hof eingestellte, zu finden. Deswegen ist es w\u00fcrdig die zu uns verlassene Kulturerbe von Jahr zu Jahr zu pflegen und zu wachsen &#8230; &#8220;- sagte immer der in Oradea ber\u00fchmte Musikhistoriker und -wissenschaftler, Thurz\u00f3 S\u00e1ndor.<\/p>\n<p>Der ber\u00fchmte Musiker k\u00fcmmerte sich schon damals um das Gedanken eines Festivals bevor es in 2004 durchgef\u00fchrt wurde, aber wie es sich um ein so ehrgeiziges Plan handelte, erforderten die Vorbereitungen eine sehr gr\u00fcndliche Arbeit.<\/p>\n<p>Mein Gro\u00dfvater arbeitete viele Jahren f\u00fcr die Sammlung von Material f\u00fcr Festival, weil er diese Sammlung in einer so dunkel historischen Periode angefangen hat, \u00a0als alles noch am wenigsten an Kultur, bzw. Kunst und geistige Bewegungen gebunden war, weil diese durch eine schwarze Maske des kommunistischen Regimes abgedeckt waren. Damals leider konnte man dar\u00fcber nicht denken, sonst hatte die betreffende Person gro\u00dfe Problem. \u00a0\u00a0<\/p>\n<p><strong>Sammeln von Werken<\/strong><\/p>\n<p>Mit dem Regimewechsel von 1989 k\u00f6nnte er auf dem Gebiet des Denkens\u00a0 innerhalb der Tatsachen voranbringen, planen, durchf\u00fchren\u00a0 und begann mehrere Noten zu kaufen, Werke zu erhalten, jetzt in einem gr\u00f6\u00dferen Ausma\u00df und Intensit\u00e4t als zuvor. Das Festival k\u00f6nnte bereits dann beginnen, aber das war nicht einfach es am Leben eine lange Zeit zu halten oder ein abwechslungsreiches Repertoire von den bis dahin vorhandenen Materialien zu vorstellen. Aus diesem Grund, der Plan war mehrere Werken einzuholen. \u00dcber mehrere Jahren hat er es geschafft das bestehende Material mit mehrere andere kostbare Materialen zu bereichern, aber Thurz\u00f3 S\u00e1ndor hat das Festival noch nicht begonnen, weil er das erste Festival mit einem bedeutenden Zeitpunkt in unserer lokalen Geschichte zu binden wollte: die denkw\u00fcrdige 1964.<\/p>\n<p>Schlie\u00dflich wurde das Festival im Oktober 2004 angesichts der vielen Blickwinkeln begonnen: einerseits, weil 40 Jahre weg kam es dazu, da\u00df die Bewohner von Oradea, unabh\u00e4ngig von ihrer Nationalit\u00e4t und Religion, sich vereinigt haben, um St. Ladislaus Kirche, welche auch als Kathedrale vom 1723 bis 1780 funktionierte, von Abriss zu retten, anderseits haben diese drei Komponisten Werken zwischen 1760-1769 (Tatsache ist, da\u00df es zwei Jahre Unterbrechung war) in dieser Stadt geschafft und eine T\u00e4tigkeit, die zur Erreichung der Musikkultur in Oradea auf europ\u00e4ischer Ebene beigetragen haben, gef\u00fchrt.\u00a0<\/p>\n<p><strong>Er verdient sein Platz<\/strong><\/p>\n<p>In 2009, nach dem Tod von Thurz\u00f3 S\u00e1ndor, \u00fcbernahm er die k\u00fcnstlerische Leitung des Festivals, und sein wichtigste Ziel war es, da\u00df das Festival, das bereits bekannt geworden ist, sein Platz weiter im Musikleben Europas zu st\u00e4rken. Wir sollten stolz auf diese Komponisten, die in unserer beliebten Stadt gelebt und komponiert haben, sein.\u00a0 Es ist wichtig das reiche geistige Erbe zu bewahren, das uns diese drei Komponisten verlassen haben.<\/p>\n<p><img loading=\"lazy\" decoding=\"async\" class=\"wp-image-6168  alignright\" src=\"http:\/\/thurzozoltan.com\/wp-content\/uploads\/2016\/08\/download-300x199.jpg\" width=\"347\" height=\"230\" srcset=\"http:\/\/thurzozoltan.com\/wp-content\/uploads\/2016\/08\/download-300x199.jpg 300w, http:\/\/thurzozoltan.com\/wp-content\/uploads\/2016\/08\/download.jpg 425w\" sizes=\"auto, (max-width: 347px) 100vw, 347px\" \/>Wir alle sind daf\u00fcr verantwortlich, und ich denke das, ob wir von dieser Basis ausgehen, k\u00f6nnen wir ein positives musikalisches Bild der Stadt Oradea bereichern und pr\u00e4gen.<\/p>\n<p>Ich denke es ist wichtig, die kreative Arbeit dieser Musiker zu erinnern. Wir sollen einen Einblick in diese bemerkenswerte Periode der Musikgeschichte in Oradea haben, denn es viele interessante Dinge enth\u00e4lt, die ich denke, dass wir nicht vergessen d\u00fcrfen.<\/p>\n<p><strong>Die meisten authentischen Quellen<\/strong><\/p>\n<p>Die gegenw\u00e4rtige Serie von Artikeln habe ich von der umfassenden Sammlung von Dokumenten meines Gro\u00dfvaters gebildet, was f\u00fcr mich das authentischste Quellenmaterial bedeutet. Die Authentizit\u00e4t der Mitteilung der Daten von meinem Gro\u00dfvater\u00a0 wird bewiesen, indem viele Wissenschaftler, Forscher und Experten, wichtige Fachzeitschriften, Publikationen,Volumen von Musikwissenschaft, Morphologien im Land und im Ausland, seine Ergebnisse und Erl\u00e4uterungen als ortsans\u00e4ssiger Historiker verwendet haben. Mein Wunsch ist, da\u00df ich an dem gegenw\u00e4rtigen Festival (und auch an die Feste die folgen) zusammen mit den bekannten Interpreten, auch die Geschichte der Zeiten, als die drei Komponisten in Oradea verbrachten, n\u00e4her an die Musik liebenden Publikum zu bringen.<\/p>\n<p>Leider, diesbez\u00fcglich, auch heute kann man viele \u201dunpassende\u201d Informationen in der \u00f6ffentlichen Meinung finden<\/p>\n<p>Es ist wichtig diese mit der tats\u00e4chlichen Wirklichkeit von Dokumenten zu vergleichen.<\/p>\n[\/et_pb_text][et_pb_divider admin_label=&#8221;Divider&#8221; color=&#8221;#ffffff&#8221; show_divider=&#8221;off&#8221; height=&#8221;40&#8243; divider_style=&#8221;solid&#8221; divider_position=&#8221;top&#8221; hide_on_mobile=&#8221;on&#8221;] [\/et_pb_divider][et_pb_button admin_label=&#8221;Button&#8221; button_url=&#8221;http:\/\/thurzozoltan.com\/wp-content\/uploads\/2016\/04\/bihari-naplo-cikk-1.pdf&#8221; url_new_window=&#8221;on&#8221; button_text=&#8221;Download PDF&#8221; button_alignment=&#8221;right&#8221; background_layout=&#8221;light&#8221; custom_button=&#8221;on&#8221; button_letter_spacing=&#8221;0&#8243; button_use_icon=&#8221;default&#8221; button_icon=&#8221;%%65%%&#8221; button_icon_placement=&#8221;right&#8221; button_on_hover=&#8221;on&#8221; button_letter_spacing_hover=&#8221;0&#8243;] [\/et_pb_button][\/et_pb_column][\/et_pb_row][\/et_pb_section]\n","protected":false},"excerpt":{"rendered":"<p>[et_pb_section admin_label=&#8221;Section&#8221; fullwidth=&#8221;on&#8221; specialty=&#8221;off&#8221; transparent_background=&#8221;on&#8221; background_color=&#8221;#ffffff&#8221; allow_player_pause=&#8221;off&#8221; inner_shadow=&#8221;off&#8221; parallax=&#8221;off&#8221; parallax_method=&#8221;off&#8221; padding_mobile=&#8221;off&#8221; make_fullwidth=&#8221;off&#8221; use_custom_width=&#8221;off&#8221; width_unit=&#8221;on&#8221; make_equal=&#8221;off&#8221; use_custom_gutter=&#8221;off&#8221;][et_pb_fullwidth_post_title admin_label=&#8221;Fullwidth Post Title&#8221; title=&#8221;on&#8221; meta=&#8221;off&#8221; author=&#8221;on&#8221; date=&#8221;on&#8221; categories=&#8221;on&#8221; comments=&#8221;on&#8221; featured_image=&#8221;off&#8221; featured_placement=&#8221;below&#8221; parallax_effect=&#8221;on&#8221; parallax_method=&#8221;on&#8221; text_orientation=&#8221;center&#8221; text_color=&#8221;dark&#8221; text_background=&#8221;off&#8221; text_bg_color=&#8221;rgba(255,255,255,0.9)&#8221; module_bg_color=&#8221;rgba(255,255,255,0)&#8221; title_font_size=&#8221;36&#8243; title_font_size_tablet=&#8221;29&#8243; title_font_size_phone=&#8221;20&#8243; title_font_size_last_edited=&#8221;on|phone&#8221; title_text_color=&#8221;#fee29b&#8221; title_all_caps=&#8221;off&#8221; use_border_color=&#8221;off&#8221; border_color=&#8221;#ffffff&#8221; border_style=&#8221;solid&#8221;] [\/et_pb_fullwidth_post_title][\/et_pb_section][et_pb_section admin_label=&#8221;section&#8221; transparent_background=&#8221;on&#8221; background_color=&#8221;#ffffff&#8221; allow_player_pause=&#8221;off&#8221; inner_shadow=&#8221;off&#8221; parallax=&#8221;off&#8221; parallax_method=&#8221;off&#8221; padding_mobile=&#8221;off&#8221; make_fullwidth=&#8221;off&#8221; use_custom_width=&#8221;off&#8221; width_unit=&#8221;on&#8221; [&hellip;]<\/p>\n","protected":false},"author":1,"featured_media":0,"comment_status":"open","ping_status":"open","sticky":false,"template":"","format":"standard","meta":{"footnotes":""},"categories":[112],"tags":[],"class_list":["post-7188","post","type-post","status-publish","format-standard","hentry","category-irasaim-de"],"_links":{"self":[{"href":"http:\/\/thurzozoltan.com\/de\/wp-json\/wp\/v2\/posts\/7188","targetHints":{"allow":["GET"]}}],"collection":[{"href":"http:\/\/thurzozoltan.com\/de\/wp-json\/wp\/v2\/posts"}],"about":[{"href":"http:\/\/thurzozoltan.com\/de\/wp-json\/wp\/v2\/types\/post"}],"author":[{"embeddable":true,"href":"http:\/\/thurzozoltan.com\/de\/wp-json\/wp\/v2\/users\/1"}],"replies":[{"embeddable":true,"href":"http:\/\/thurzozoltan.com\/de\/wp-json\/wp\/v2\/comments?post=7188"}],"version-history":[{"count":3,"href":"http:\/\/thurzozoltan.com\/de\/wp-json\/wp\/v2\/posts\/7188\/revisions"}],"predecessor-version":[{"id":9474,"href":"http:\/\/thurzozoltan.com\/de\/wp-json\/wp\/v2\/posts\/7188\/revisions\/9474"}],"wp:attachment":[{"href":"http:\/\/thurzozoltan.com\/de\/wp-json\/wp\/v2\/media?parent=7188"}],"wp:term":[{"taxonomy":"category","embeddable":true,"href":"http:\/\/thurzozoltan.com\/de\/wp-json\/wp\/v2\/categories?post=7188"},{"taxonomy":"post_tag","embeddable":true,"href":"http:\/\/thurzozoltan.com\/de\/wp-json\/wp\/v2\/tags?post=7188"}],"curies":[{"name":"wp","href":"https:\/\/api.w.org\/{rel}","templated":true}]}}