{"id":7196,"date":"2016-08-08T12:43:32","date_gmt":"2016-08-08T12:43:32","guid":{"rendered":"http:\/\/thurzozoltan.com\/de\/michael-haydn-patachich-adam-puspok-komponistaja\/"},"modified":"2016-10-26T13:54:03","modified_gmt":"2016-10-26T13:54:03","slug":"michael-haydn-patachich-adam-puspok-komponistaja","status":"publish","type":"post","link":"http:\/\/thurzozoltan.com\/de\/michael-haydn-patachich-adam-puspok-komponistaja\/","title":{"rendered":"Michael Haydn \u2013 Komponist des Bischofs Patachich \u00c1d\u00e1m"},"content":{"rendered":"[et_pb_section admin_label=&#8221;Section&#8221; fullwidth=&#8221;on&#8221; specialty=&#8221;off&#8221; transparent_background=&#8221;on&#8221; background_color=&#8221;#ffffff&#8221; allow_player_pause=&#8221;off&#8221; inner_shadow=&#8221;off&#8221; parallax=&#8221;off&#8221; parallax_method=&#8221;off&#8221; padding_mobile=&#8221;off&#8221; make_fullwidth=&#8221;off&#8221; use_custom_width=&#8221;off&#8221; width_unit=&#8221;on&#8221; make_equal=&#8221;off&#8221; use_custom_gutter=&#8221;off&#8221;][et_pb_fullwidth_post_title admin_label=&#8221;Fullwidth Post Title&#8221; title=&#8221;on&#8221; meta=&#8221;off&#8221; author=&#8221;on&#8221; date=&#8221;on&#8221; categories=&#8221;on&#8221; comments=&#8221;on&#8221; featured_image=&#8221;off&#8221; featured_placement=&#8221;below&#8221; parallax_effect=&#8221;on&#8221; parallax_method=&#8221;on&#8221; text_orientation=&#8221;center&#8221; text_color=&#8221;dark&#8221; text_background=&#8221;off&#8221; text_bg_color=&#8221;rgba(255,255,255,0.9)&#8221; module_bg_color=&#8221;rgba(255,255,255,0)&#8221; title_font_size=&#8221;36&#8243; title_font_size_tablet=&#8221;29&#8243; title_font_size_phone=&#8221;20&#8243; title_font_size_last_edited=&#8221;on|phone&#8221; title_text_color=&#8221;#fee29b&#8221; title_all_caps=&#8221;off&#8221; use_border_color=&#8221;off&#8221; border_color=&#8221;#ffffff&#8221; border_style=&#8221;solid&#8221;] [\/et_pb_fullwidth_post_title][\/et_pb_section][et_pb_section admin_label=&#8221;section&#8221; transparent_background=&#8221;on&#8221; background_color=&#8221;#ffffff&#8221; allow_player_pause=&#8221;off&#8221; inner_shadow=&#8221;off&#8221; parallax=&#8221;off&#8221; parallax_method=&#8221;off&#8221; padding_mobile=&#8221;off&#8221; make_fullwidth=&#8221;off&#8221; use_custom_width=&#8221;off&#8221; width_unit=&#8221;on&#8221; make_equal=&#8221;off&#8221; use_custom_gutter=&#8221;off&#8221;][et_pb_row admin_label=&#8221;row&#8221;][et_pb_column type=&#8221;4_4&#8243;][et_pb_text admin_label=&#8221;Text&#8221; background_layout=&#8221;light&#8221; text_orientation=&#8221;justified&#8221; use_border_color=&#8221;off&#8221; border_color=&#8221;#ffffff&#8221; border_style=&#8221;solid&#8221;]\n<p><img loading=\"lazy\" decoding=\"async\" class=\"size-medium wp-image-6186 alignleft\" src=\"http:\/\/thurzozoltan.com\/wp-content\/uploads\/2016\/08\/Michael-Haydn-197x300.jpg\" alt=\"Michael Haydn\" width=\"197\" height=\"300\" srcset=\"http:\/\/thurzozoltan.com\/wp-content\/uploads\/2016\/08\/Michael-Haydn-197x300.jpg 197w, http:\/\/thurzozoltan.com\/wp-content\/uploads\/2016\/08\/Michael-Haydn.jpg 230w\" sizes=\"auto, (max-width: 197px) 100vw, 197px\" \/>Michael Haydn (der j\u00fcngere Bruder von Joseph Haydn) war 1737 in dem Dorf Rohrau in Nieder\u00f6sterreich geboren.<\/p>\n<p>Seine Mutter (Maria Koller) arbeitete als K\u00f6chin in einer reichen Adelsfamilie und danach verheiratete sie nach Mathias Haydn.<\/p>\n<p>M. Haydns Vater war nur ein armer B\u00f6ttcher, aber noch mehr als das war er auch ein begeisterter Amateurmusiker: Er lernte die Harfe von ihm selbst zu spielen und lehrte seine S\u00f6hne zu spielen. Die musikalische Laufbahn der zwei Br\u00fcder begann auf einmal.<\/p>\n<p>Sein ganzes Leben war M. Haydn ein gro\u00dfer Bewunderer von Musik, immer wenn er die M\u00f6glichkeit hatte, spielte er seine Lieblings Harfe ohne Z\u00f6gerung. In der gro\u00dfen Familie Musik war fast \u201dein Pflicht\u201d. Die gro\u00dfe Familie, die unter schwierigen Bedingungen lebte, konnte nicht jedem Kind ein Musikinstrument schenken, deswegen der Vater, der die Musik liebte, erforderte da\u00df jedes Kind in den Gesang von zu Hause, auch nur mit Singen teilnamm.<\/p>\n<p>Der J\u00fcnge Haydn hatte zahlreiche Hindernisse zu \u00fcberwinden, um regelm\u00e4\u00dfige Musikbeziehung zu bekommen und so sein Weg zu entwirren.<\/p>\n<p>F\u00fcr den jungen K\u00fcnstler, der nach einer Weile in der ganzen Welt ber\u00fchmt wurde, war ein gro\u00dfes Gl\u00fcck, da\u00df Patachich ihn der F\u00fchrer seines Orchesters zu werden gefragt hat. Damals bedeutete das, da\u00df der Dirigent-Komponist die M\u00f6glichkeit hatte, sein Ehrgeiz als Komponist zu verwirklichen.<\/p>\n<p><strong>Musikkultur in Oradea<\/strong><\/p>\n<p><img loading=\"lazy\" decoding=\"async\" class=\" wp-image-6229 alignright\" src=\"http:\/\/thurzozoltan.com\/wp-content\/uploads\/2016\/08\/P\u00fcsp\u00f6ki-Palota-300x218.jpg\" alt=\"P\u00fcsp\u00f6ki Palota\" width=\"343\" height=\"249\" srcset=\"http:\/\/thurzozoltan.com\/wp-content\/uploads\/2016\/08\/P\u00fcsp\u00f6ki-Palota-300x218.jpg 300w, http:\/\/thurzozoltan.com\/wp-content\/uploads\/2016\/08\/P\u00fcsp\u00f6ki-Palota-768x559.jpg 768w, http:\/\/thurzozoltan.com\/wp-content\/uploads\/2016\/08\/P\u00fcsp\u00f6ki-Palota-1024x745.jpg 1024w, http:\/\/thurzozoltan.com\/wp-content\/uploads\/2016\/08\/P\u00fcsp\u00f6ki-Palota.jpg 1056w\" sizes=\"auto, (max-width: 343px) 100vw, 343px\" \/>Als der Bischof Patachich\u00a0in der Stadt zusammen mit M.Haydn ankam(1760 und nicht 1757 wie viele glauben, da\u00df M. Haydn eintriff),\u00a0 gab er Haydn die Aufgabe sein Orchester in Oradea anzuordnen. Haydn, der kaum 23 Jahre war, organisierte in kurzer Zeit das Orchester und den Bischofs Chor, erweiterte das Kammermusikensemble, das bis heute funktioniert. Zusammen mit dem ber\u00fchmten Komponist-Dirigent sind nach Oradea auch drei von seiner Musiker Freunde angekommen, als er Wien verlasste: ein Cellospieler, ein Klarinettenspieler und einer der das Horn spielte. Sein Ziel war, das Orchester mit diesen Musikern zu st\u00e4rken. Die gro\u00dfartige Arbeit der Verfassung des Orchester von Oradea begann &#8230;<\/p>\n<p>Der Komponist-Dirigent, der 52 Sinfonien, Konzertst\u00fccke mit Pionier Charakter, 136 Instrumentalwerke &#8211; und viele andere Werke &#8211; viele davon wurden in dem Bischofspalast von Oradea pr\u00e4sentiert, als Verm\u00e4chtnis verlie\u00df (der Bischofspalast, der anstatt des heutigen Rathauses stand und dessen rechter Geb\u00e4udefl\u00fcgel schon jetzt besteht, in unmittelbarer N\u00e4he des Turms f\u00fcr Brandschutzzwecke gebaut. Leider wurde es h\u00e4sslich anzusehen gemacht und den Ruf des historischen Denkmal wurde schlecht beleidigt), als Premier in dem Festsaal\u00a0 (!) komponierte er ganz wichtige Kirchenwerke. (Lassen Sie uns nicht vergessen, da\u00df eine seiner Aufgaben sogar Komponieren, Lernen und Vorstellung der musikalischen Werken dieser Art war.<\/p>\n<p>Als M. Haydn nach Oradea kam, in sein Vertrag, gem\u00e4\u00df der Gewohnheiten der Zeit, wurde festgelegt, da\u00df er die Liturgie, Ruhm, Pracht des Hofes jener Zeiten auch mit Originalwerke erh\u00f6hen sollte. \u00a0<\/p>\n<p><strong>Komponieren<\/strong><\/p>\n<p>Haydn komponierte Deutsche und Lateinische Liturgien. Au\u00dfer seinen Requiem und Kantate,\u00a0 die Ungarischen Stil Motive seiner Liturgie in A-hart, der so beliebt in der\u00a0 ungarischen katholischen Musik ist, wurden w\u00e4hrend der Leistungen in Oradea komponiert.\u00a0 (!)<\/p>\n<p>Von den Werken, die am Patachichs Hof komponiert wurden, m\u00fcssen wir A-hart Missa solemnist, zwei Sinfonien und der B-hart Konzert, komponiert erstmals f\u00fcr Geige und Orchester, bzw. der Konzert komponiert f\u00fcr Orgel und Bratsche, erw\u00e4hnen.<\/p>\n<p>M.Haydn folgte seinen eigenen Weg und entwickelte sein eigenes Stil als Komponist, welcher damals als die Barockmusic fast \u00fcberall weit verbreitet war, den Mut hatte, die Regeln, die als ein Gesetz betrachtet waren, zu widersetzen.<\/p>\n<p>Seine Arbeiten zeichnen sich durch K\u00fchnheit und Modernit\u00e4t gepr\u00e4gt, sowohl in Bezug auf Klang als auch auf technischen Kriterien.\u00a0<br \/>\n Seine St\u00fccke sind dramatische Kr\u00e4fte, die in der damals musikalischen Literatur nur selten zu finden sind.<\/p>\n<p>Der Inhalt, die\u00a0Resonanz und die Musiktexte mit verschiedenen Wendungen spiegelt die Arbeit eines modernen und zeitgen\u00f6ssischen Musiker.\u00a0<\/p>\n<p><strong>Herausragende Pers\u00f6nlichkeit<\/strong><\/p>\n<p>Ist es ein Wunder, da\u00df die Welt die Aufmerksamkeit der Welt zieht? Nein!<\/p>\n<p>Michael Haydn verlie\u00df Oradea in 1762 (und nicht in 1763, wie viele behaupten, ohne die genauen Daten zu ber\u00fccksichtigen), nachdem er mit seinem au\u00dfergew\u00f6hnlichen\u00a0 Orchester zu einem Ereignis f\u00fcr die Freigabe der Grundstein des neuen monumentalen Bischofspalast von Hillebrandt\u00a0 gestaltet, teilnahm, welches Ereignis in einem Zelt im Freien organisiert wurde.<\/p>\n<p>Der ehemalige Todestag berichtet \u00fcber das: \u201d\u2026 Das Orchester des Bischofs spielte ein Musikst\u00fcck geschrieben speziell f\u00fcr diese Veranstaltung\u2026\u201d. Vielleicht wurde dieses Musikst\u00fcck bei Haydn komponiert und dirigiert.<\/p>\n<p>Nachdem wird er nach Salzburg reisen \u2013 hier begliech er bis zum Ende seines Lebens \u2013 das war eines der Musikzentren der zeitgen\u00f6ssischen Europa. Er schritt hinter Leopold Mozart als Organist des Doms, mehr aber als das, ist er Vorarbeiter von Konzerten und Orchesterdirigent vor dem Hof. Seine Musikwerken sind \u00fcberall vorgestellt. Seine Musik lebt seine Renaissance heute.<\/p>\n<p>Wir k\u00f6nnen daf\u00fcr stolz sein, da\u00df diese bemerkenswerte Person sein nachhaltigsten Essen hier in Oradea erhielt.<\/p>\n<p>Nehmen wir an, da\u00df er wahrscheinlich einen gro\u00dfen Teil seiner gesamten musikalischen Waffnen der Erfahrungen gewonnen in Oradea danken kann.<\/p>\n[\/et_pb_text][et_pb_divider admin_label=&#8221;Divider&#8221; color=&#8221;#ffffff&#8221; show_divider=&#8221;off&#8221; height=&#8221;40&#8243; divider_style=&#8221;solid&#8221; divider_position=&#8221;top&#8221; hide_on_mobile=&#8221;on&#8221;] [\/et_pb_divider][et_pb_button admin_label=&#8221;Button&#8221; button_url=&#8221;http:\/\/thurzozoltan.com\/wp-content\/uploads\/2016\/04\/bihari-naplo-cikk-3.pdf&#8221; url_new_window=&#8221;on&#8221; button_text=&#8221;Download PDF&#8221; button_alignment=&#8221;right&#8221; background_layout=&#8221;light&#8221; custom_button=&#8221;on&#8221; button_letter_spacing=&#8221;0&#8243; button_use_icon=&#8221;default&#8221; button_icon=&#8221;%%65%%&#8221; button_icon_placement=&#8221;right&#8221; button_on_hover=&#8221;on&#8221; button_letter_spacing_hover=&#8221;0&#8243;] [\/et_pb_button][\/et_pb_column][\/et_pb_row][\/et_pb_section]\n","protected":false},"excerpt":{"rendered":"<p>[et_pb_section admin_label=&#8221;Section&#8221; fullwidth=&#8221;on&#8221; specialty=&#8221;off&#8221; transparent_background=&#8221;on&#8221; background_color=&#8221;#ffffff&#8221; allow_player_pause=&#8221;off&#8221; inner_shadow=&#8221;off&#8221; parallax=&#8221;off&#8221; parallax_method=&#8221;off&#8221; padding_mobile=&#8221;off&#8221; make_fullwidth=&#8221;off&#8221; use_custom_width=&#8221;off&#8221; width_unit=&#8221;on&#8221; make_equal=&#8221;off&#8221; use_custom_gutter=&#8221;off&#8221;][et_pb_fullwidth_post_title admin_label=&#8221;Fullwidth Post Title&#8221; title=&#8221;on&#8221; meta=&#8221;off&#8221; author=&#8221;on&#8221; date=&#8221;on&#8221; categories=&#8221;on&#8221; comments=&#8221;on&#8221; featured_image=&#8221;off&#8221; featured_placement=&#8221;below&#8221; parallax_effect=&#8221;on&#8221; parallax_method=&#8221;on&#8221; text_orientation=&#8221;center&#8221; text_color=&#8221;dark&#8221; text_background=&#8221;off&#8221; text_bg_color=&#8221;rgba(255,255,255,0.9)&#8221; module_bg_color=&#8221;rgba(255,255,255,0)&#8221; title_font_size=&#8221;36&#8243; title_font_size_tablet=&#8221;29&#8243; title_font_size_phone=&#8221;20&#8243; title_font_size_last_edited=&#8221;on|phone&#8221; title_text_color=&#8221;#fee29b&#8221; title_all_caps=&#8221;off&#8221; use_border_color=&#8221;off&#8221; border_color=&#8221;#ffffff&#8221; border_style=&#8221;solid&#8221;] [\/et_pb_fullwidth_post_title][\/et_pb_section][et_pb_section admin_label=&#8221;section&#8221; transparent_background=&#8221;on&#8221; background_color=&#8221;#ffffff&#8221; allow_player_pause=&#8221;off&#8221; inner_shadow=&#8221;off&#8221; parallax=&#8221;off&#8221; parallax_method=&#8221;off&#8221; padding_mobile=&#8221;off&#8221; make_fullwidth=&#8221;off&#8221; use_custom_width=&#8221;off&#8221; width_unit=&#8221;on&#8221; [&hellip;]<\/p>\n","protected":false},"author":1,"featured_media":0,"comment_status":"open","ping_status":"open","sticky":false,"template":"","format":"standard","meta":{"footnotes":""},"categories":[112],"tags":[],"class_list":["post-7196","post","type-post","status-publish","format-standard","hentry","category-irasaim-de"],"_links":{"self":[{"href":"http:\/\/thurzozoltan.com\/de\/wp-json\/wp\/v2\/posts\/7196","targetHints":{"allow":["GET"]}}],"collection":[{"href":"http:\/\/thurzozoltan.com\/de\/wp-json\/wp\/v2\/posts"}],"about":[{"href":"http:\/\/thurzozoltan.com\/de\/wp-json\/wp\/v2\/types\/post"}],"author":[{"embeddable":true,"href":"http:\/\/thurzozoltan.com\/de\/wp-json\/wp\/v2\/users\/1"}],"replies":[{"embeddable":true,"href":"http:\/\/thurzozoltan.com\/de\/wp-json\/wp\/v2\/comments?post=7196"}],"version-history":[{"count":3,"href":"http:\/\/thurzozoltan.com\/de\/wp-json\/wp\/v2\/posts\/7196\/revisions"}],"predecessor-version":[{"id":9476,"href":"http:\/\/thurzozoltan.com\/de\/wp-json\/wp\/v2\/posts\/7196\/revisions\/9476"}],"wp:attachment":[{"href":"http:\/\/thurzozoltan.com\/de\/wp-json\/wp\/v2\/media?parent=7196"}],"wp:term":[{"taxonomy":"category","embeddable":true,"href":"http:\/\/thurzozoltan.com\/de\/wp-json\/wp\/v2\/categories?post=7196"},{"taxonomy":"post_tag","embeddable":true,"href":"http:\/\/thurzozoltan.com\/de\/wp-json\/wp\/v2\/tags?post=7196"}],"curies":[{"name":"wp","href":"https:\/\/api.w.org\/{rel}","templated":true}]}}