{"id":7234,"date":"2016-08-08T12:41:49","date_gmt":"2016-08-08T12:41:49","guid":{"rendered":"http:\/\/thurzozoltan.com\/it\/nemzetkozi-rangra-emelni-nagyvarad-zenei-eletet\/"},"modified":"2016-10-26T13:36:26","modified_gmt":"2016-10-26T13:36:26","slug":"nemzetkozi-rangra-emelni-nagyvarad-zenei-eletet","status":"publish","type":"post","link":"http:\/\/thurzozoltan.com\/it\/nemzetkozi-rangra-emelni-nagyvarad-zenei-eletet\/","title":{"rendered":"Sollevare la vita musicale di Oradea a livello internazionale"},"content":{"rendered":"[et_pb_section admin_label=&#8221;Section&#8221; fullwidth=&#8221;on&#8221; specialty=&#8221;off&#8221; transparent_background=&#8221;on&#8221; background_color=&#8221;#ffffff&#8221; allow_player_pause=&#8221;off&#8221; inner_shadow=&#8221;off&#8221; parallax=&#8221;off&#8221; parallax_method=&#8221;off&#8221; padding_mobile=&#8221;off&#8221; make_fullwidth=&#8221;off&#8221; use_custom_width=&#8221;off&#8221; width_unit=&#8221;on&#8221; make_equal=&#8221;off&#8221; use_custom_gutter=&#8221;off&#8221;][et_pb_fullwidth_post_title admin_label=&#8221;Fullwidth Post Title&#8221; title=&#8221;on&#8221; meta=&#8221;off&#8221; author=&#8221;on&#8221; date=&#8221;on&#8221; categories=&#8221;on&#8221; comments=&#8221;on&#8221; featured_image=&#8221;off&#8221; featured_placement=&#8221;below&#8221; parallax_effect=&#8221;on&#8221; parallax_method=&#8221;on&#8221; text_orientation=&#8221;center&#8221; text_color=&#8221;dark&#8221; text_background=&#8221;off&#8221; text_bg_color=&#8221;rgba(255,255,255,0.9)&#8221; module_bg_color=&#8221;rgba(255,255,255,0)&#8221; title_font_size=&#8221;36&#8243; title_font_size_tablet=&#8221;29&#8243; title_font_size_phone=&#8221;20&#8243; title_font_size_last_edited=&#8221;on|phone&#8221; title_text_color=&#8221;#fee29b&#8221; title_all_caps=&#8221;off&#8221; use_border_color=&#8221;off&#8221; border_color=&#8221;#ffffff&#8221; border_style=&#8221;solid&#8221;] [\/et_pb_fullwidth_post_title][\/et_pb_section][et_pb_section admin_label=&#8221;section&#8221; transparent_background=&#8221;on&#8221; background_color=&#8221;#ffffff&#8221; allow_player_pause=&#8221;off&#8221; inner_shadow=&#8221;off&#8221; parallax=&#8221;off&#8221; parallax_method=&#8221;off&#8221; padding_mobile=&#8221;off&#8221; make_fullwidth=&#8221;off&#8221; use_custom_width=&#8221;off&#8221; width_unit=&#8221;on&#8221; make_equal=&#8221;off&#8221; use_custom_gutter=&#8221;off&#8221;][et_pb_row admin_label=&#8221;row&#8221;][et_pb_column type=&#8221;4_4&#8243;][et_pb_text admin_label=&#8221;Text&#8221; background_layout=&#8221;light&#8221; text_orientation=&#8221;justified&#8221; use_border_color=&#8221;off&#8221; border_color=&#8221;#ffffff&#8221; border_style=&#8221;solid&#8221;]\n<p>Dopo la liberazione dal dominio ottomano nel 1692 ha iniziato una fioritura straordinariamente ricca nella storia della citt\u00e0 di Oradea e del Vescovado portato da San Ladislao nella nostra citt\u00e0, nonch\u00e9 della cattedrale.<\/p>\n<p>Non dobbiamo dimenticare che i 32 anni di occupazione turca, rispettivamente l&#8217;assedio della cittadella ha quasi decimato gli abitanti ungaresi. In Oradea sono rimaste intatte in tutto due dozzine di case di abitazione.<\/p>\n<p><img loading=\"lazy\" decoding=\"async\" class=\" wp-image-6164 alignright\" src=\"http:\/\/thurzozoltan.com\/wp-content\/uploads\/2016\/08\/V\u00e1rad-v\u00e1r.-Georgius-Hoefnagel-300x220.jpg\" alt=\"V\u00e1rad, v\u00e1r. Georgius Hoefnagel\" width=\"350\" height=\"257\" srcset=\"http:\/\/thurzozoltan.com\/wp-content\/uploads\/2016\/08\/V\u00e1rad-v\u00e1r.-Georgius-Hoefnagel-300x220.jpg 300w, http:\/\/thurzozoltan.com\/wp-content\/uploads\/2016\/08\/V\u00e1rad-v\u00e1r.-Georgius-Hoefnagel-768x563.jpg 768w, http:\/\/thurzozoltan.com\/wp-content\/uploads\/2016\/08\/V\u00e1rad-v\u00e1r.-Georgius-Hoefnagel-1024x751.jpg 1024w, http:\/\/thurzozoltan.com\/wp-content\/uploads\/2016\/08\/V\u00e1rad-v\u00e1r.-Georgius-Hoefnagel-1080x792.jpg 1080w, http:\/\/thurzozoltan.com\/wp-content\/uploads\/2016\/08\/V\u00e1rad-v\u00e1r.-Georgius-Hoefnagel.jpg 1532w\" sizes=\"auto, (max-width: 350px) 100vw, 350px\" \/>Il Vescovo Benkovits \u00c1goston \u00e8 il primo che arriva a Oradea nel 1692. In quel periodo a causa delle distruzioni ottomane non ha esistito chiesa cattolica nella nostra citt\u00e0. Una volta arrivato nella nostra citt\u00e0, ordin\u00f2 la costruzione di una chiesa cattolica per quelli appena duecento fedeli. Questa sar\u00e0 la nostra seconda cattedrale. Questa esiste tuttoggi in prossimit\u00e0 della Chiesa Riformata della riva del fiume Cris (chiesa Olosig), circondata da condomini &#8211; che \u00e8 stata presa dal Vescovado romano-cattolico dalla direzione dello stato ateo comunista rumeno nel 1949, e l\u2019ha messa in utilizzo per ortodossi (&#8230;) in modo che questi l\u2019hanno presa e la possiedono ancora oggi (la prima cattedrale fu demolita nel 1618 dal principe di Transilvania, Bethlen G\u00e1bor, e ha ordinato l\u2019utilizzo delle pietre per costruire le mura della cittadella. Cosi fu distrutta la prima cattedrale.)<\/p>\n<p>Il Vescovo Benkovits, il fatto \u00e8 che in cattive condizioni, ma di tutto il cuore, ha costruito la cattedrale con l\u2019entusiasmo della fede nel futuro, con l\u2019unica speranza che a Oradea ci sar\u00e0 sviluppo anche nonostante gli avvenimenti, in primo luogo nella cultura, rispettivamente costruzioni.<\/p>\n<p><strong>Centro musicale<\/strong><\/p>\n<p>Il cardinale Cs\u00e1ky Imre in breve tempo ha costruito una nuova casa di Dio, la chiesa parrocchiale di oggi denominata San Ladislao (questa \u00e8 diventata la terza cattedrale in ordine cronologico).<\/p>\n<p>Se ci pensiamo meglio in pochi decenni dopo la partenza degli ottomani, quasi senza antecedenti, i leader della chiesa cattolica mettono le basi per una vita culturale e innanzitutto musicale cos\u00ec ricca che porter\u00e0 Oradea tra i maggiori centri musicali d&#8217;Europa. Nelle mani del Vescovo romano-cattolico della citt\u00e0 sono sempre stati fonti finanziarie significative, che ha saputo anche utilizzarle : ha sempre investito enormi fortune per la cura fisica e spirituale dei credenti, per l&#8217;istruzione, ma sempre erano soldi anche per sostenere l&#8217;arte della citt\u00e0 .<\/p>\n<p><strong>Il barone Patachich \u00c1d\u00e1m<\/strong><\/p>\n<p><strong><img loading=\"lazy\" decoding=\"async\" class=\"alignleft wp-image-6180\" src=\"http:\/\/thurzozoltan.com\/wp-content\/uploads\/2016\/08\/patachich_adam-225x300.jpg\" alt=\"Patachich \" width=\"253\" height=\"337\" srcset=\"http:\/\/thurzozoltan.com\/wp-content\/uploads\/2016\/08\/patachich_adam-225x300.jpg 225w, http:\/\/thurzozoltan.com\/wp-content\/uploads\/2016\/08\/patachich_adam.jpg 726w\" sizes=\"auto, (max-width: 253px) 100vw, 253px\" \/><\/strong>Il Barone Patachich \u00c1d\u00e1m \u00e8 nato nel 1715. Suo padre voleva che il suo figlio scelga la carriera militare, ma egli ha scelto lettere e teologia, e da entrambi ha ricevuto un diploma a Roma. Ha scritto poesie regolarmente, ed \u00e8 per questo motivo che Academia Arcadia (Ark\u00e1dok) di Roma lo sceglie tra i suoi membri. Nel 1739 raggiunger\u00e0 Vienna dove divenne un osservatore diligente dei movimenti culturali. Qui sta pensando: se una volta diventerr\u00e0 vescovo, creer\u00e0 una corte splendente, dove radduner\u00e0 le persone pi\u00f9 importanti intorno a lui .<\/p>\n<p>Patachich \u00c1d\u00e1m ha ricevuto la denominazione alla fine del 1759, ma quando arriv\u00f2 la Bulla da Roma a Vienna per la sua santificazione nei calendari gi\u00e0 \u00e8 stato notato 1760.<\/p>\n<p>Il suo predecessore era il conte Vescovo Forg\u00e1ch P\u00e1l e la lettera reale che ha invitato Forg\u00e1ch a V\u00e1c nel 1759, \u00e8 venuta solo da sola, e non \u00e8 stata accompagnata da un\u2019altra dignit\u00e0, che avrebbe dato nuovo vescovo per Oradea. In questi casi i capitulii, per non fermarsi le procedure della chiesa, di solito scelgono un vicario dal loro cerchio. (Questo \u00e8 il residuo dei loro antichi diritti secondo i qualli una volta hanno eletto anche il loro proprio vescovo).<\/p>\n<p>Il Vescovo Patachich \u00c1d\u00e1m aveva 45 anni quando occup\u00f2 il suo posto come vescovo di Oradea nella primavera del 1760. La sua inaugurazione ha avuto luogo il 25 Maggio nella Domenica di Pentecoste.<\/p>\n<p><strong>Vita artistica<\/strong><\/p>\n<p>Non ha potuto vedere gran parte della citt\u00e0, perch\u00e9 nel 1660 gli abitanti sono fuggiti dagli ottomani nella cittadella . Ognuno ha dato fuoco alla propria casa, e oltre a questo la citt\u00e0 portava i segni causati dalla guerra. Al nome di Patachich \u00c1d\u00e1m non si lega solo la costruzione della residenza in modo univoco imponente e monumentale in stile barocco (sotto la guida di Maria Teresa in Ungheria sono stati costruiti circa 200 castelli e palazzi, di cui la pi\u00f9 grande \u00e8 quella di Oradea) e la continuazione della costruzione della cattedrale sempre in stile barocco (che \u00e8 stato avviato dal vescovo conte P\u00e1l Forg\u00e1ch), ma anche il periodo pi\u00f9 fertile della vita artistica di Oradea, che \u00e8 iniziata con l&#8217;arrivo in citt\u00e0 del vescovo interessato in umanesimo.\u00a0\u00a0<\/p>\n<p>Il Vescovo straordinariamente educato, che amava la bellezza ha sollevato in un colpo la vita musicale di Oradea a livello internazionale. Come portava la carrozza ornata il nuovo Vescovo e la sua compagnia verso la nostra citt\u00e0, l&#8217;immagine che il vescovo vide non era affatto entusiasmante: vedeva tracce di guerre e rivoluzioni, rispettivamente la Cattedrale finita a met\u00e0 (la Basilica di adesso &#8211; la quarta Cattedrale tuttoggi) pareti non intonacate sono state con torri senza tetto.<\/p>\n<p>Patachich , che generosamente ha investito un quarto del suo reddito annuo in scopi musicali e di teatro, rispettivamente ha avuto una grande biblioteca (che dopo il suo arrivo in citt\u00e0 si aprir\u00e0 al pubblico largo, come biblioteca pubblica), sapeva che questo compito \u2013 la fioritura della vita musicale di Oradea &#8211; pu\u00f2 essere risolto solo da un giovane artista con talento eccezionale.<\/p>\n<p>In una delle carrozze che era dietro, che portava la compagnia del vescovo c&#8217;era un giovanne di 23 anni, magro, con un look pi\u00f9 malaticcio, ma ambizioso , con gli occhi brillanti : era Michael Haydn \u2026<\/p>\n[\/et_pb_text][et_pb_divider admin_label=&#8221;Divider&#8221; color=&#8221;#ffffff&#8221; show_divider=&#8221;off&#8221; height=&#8221;40&#8243; divider_style=&#8221;solid&#8221; divider_position=&#8221;top&#8221; hide_on_mobile=&#8221;on&#8221;] [\/et_pb_divider][et_pb_button admin_label=&#8221;Button&#8221; button_url=&#8221;http:\/\/thurzozoltan.com\/wp-content\/uploads\/2016\/04\/bihari-naplo-cikk-2.pdf&#8221; url_new_window=&#8221;on&#8221; button_text=&#8221;Scaricare in PDF&#8221; button_alignment=&#8221;right&#8221; background_layout=&#8221;light&#8221; custom_button=&#8221;on&#8221; button_letter_spacing=&#8221;0&#8243; button_use_icon=&#8221;default&#8221; button_icon=&#8221;%%65%%&#8221; button_icon_placement=&#8221;right&#8221; button_on_hover=&#8221;on&#8221; button_letter_spacing_hover=&#8221;0&#8243;] [\/et_pb_button][\/et_pb_column][\/et_pb_row][\/et_pb_section]\n","protected":false},"excerpt":{"rendered":"<p>[et_pb_section admin_label=&#8221;Section&#8221; fullwidth=&#8221;on&#8221; specialty=&#8221;off&#8221; transparent_background=&#8221;on&#8221; background_color=&#8221;#ffffff&#8221; allow_player_pause=&#8221;off&#8221; inner_shadow=&#8221;off&#8221; parallax=&#8221;off&#8221; parallax_method=&#8221;off&#8221; padding_mobile=&#8221;off&#8221; make_fullwidth=&#8221;off&#8221; use_custom_width=&#8221;off&#8221; width_unit=&#8221;on&#8221; make_equal=&#8221;off&#8221; use_custom_gutter=&#8221;off&#8221;][et_pb_fullwidth_post_title admin_label=&#8221;Fullwidth Post Title&#8221; title=&#8221;on&#8221; meta=&#8221;off&#8221; author=&#8221;on&#8221; date=&#8221;on&#8221; categories=&#8221;on&#8221; comments=&#8221;on&#8221; featured_image=&#8221;off&#8221; featured_placement=&#8221;below&#8221; parallax_effect=&#8221;on&#8221; parallax_method=&#8221;on&#8221; text_orientation=&#8221;center&#8221; text_color=&#8221;dark&#8221; text_background=&#8221;off&#8221; text_bg_color=&#8221;rgba(255,255,255,0.9)&#8221; module_bg_color=&#8221;rgba(255,255,255,0)&#8221; title_font_size=&#8221;36&#8243; title_font_size_tablet=&#8221;29&#8243; title_font_size_phone=&#8221;20&#8243; title_font_size_last_edited=&#8221;on|phone&#8221; title_text_color=&#8221;#fee29b&#8221; title_all_caps=&#8221;off&#8221; use_border_color=&#8221;off&#8221; border_color=&#8221;#ffffff&#8221; border_style=&#8221;solid&#8221;] [\/et_pb_fullwidth_post_title][\/et_pb_section][et_pb_section admin_label=&#8221;section&#8221; transparent_background=&#8221;on&#8221; background_color=&#8221;#ffffff&#8221; allow_player_pause=&#8221;off&#8221; inner_shadow=&#8221;off&#8221; parallax=&#8221;off&#8221; parallax_method=&#8221;off&#8221; padding_mobile=&#8221;off&#8221; make_fullwidth=&#8221;off&#8221; use_custom_width=&#8221;off&#8221; width_unit=&#8221;on&#8221; [&hellip;]<\/p>\n","protected":false},"author":1,"featured_media":0,"comment_status":"open","ping_status":"open","sticky":false,"template":"","format":"standard","meta":{"footnotes":""},"categories":[113],"tags":[],"class_list":["post-7234","post","type-post","status-publish","format-standard","hentry","category-irasaim-it"],"_links":{"self":[{"href":"http:\/\/thurzozoltan.com\/it\/wp-json\/wp\/v2\/posts\/7234","targetHints":{"allow":["GET"]}}],"collection":[{"href":"http:\/\/thurzozoltan.com\/it\/wp-json\/wp\/v2\/posts"}],"about":[{"href":"http:\/\/thurzozoltan.com\/it\/wp-json\/wp\/v2\/types\/post"}],"author":[{"embeddable":true,"href":"http:\/\/thurzozoltan.com\/it\/wp-json\/wp\/v2\/users\/1"}],"replies":[{"embeddable":true,"href":"http:\/\/thurzozoltan.com\/it\/wp-json\/wp\/v2\/comments?post=7234"}],"version-history":[{"count":3,"href":"http:\/\/thurzozoltan.com\/it\/wp-json\/wp\/v2\/posts\/7234\/revisions"}],"predecessor-version":[{"id":9461,"href":"http:\/\/thurzozoltan.com\/it\/wp-json\/wp\/v2\/posts\/7234\/revisions\/9461"}],"wp:attachment":[{"href":"http:\/\/thurzozoltan.com\/it\/wp-json\/wp\/v2\/media?parent=7234"}],"wp:term":[{"taxonomy":"category","embeddable":true,"href":"http:\/\/thurzozoltan.com\/it\/wp-json\/wp\/v2\/categories?post=7234"},{"taxonomy":"post_tag","embeddable":true,"href":"http:\/\/thurzozoltan.com\/it\/wp-json\/wp\/v2\/tags?post=7234"}],"curies":[{"name":"wp","href":"https:\/\/api.w.org\/{rel}","templated":true}]}}