{"id":7235,"date":"2016-08-08T12:45:00","date_gmt":"2016-08-08T12:45:00","guid":{"rendered":"http:\/\/thurzozoltan.com\/it\/dittersdorf-fontos-szerepe-a-varadi-klasszikus-zene-fejlodeseben\/"},"modified":"2016-10-26T13:36:48","modified_gmt":"2016-10-26T13:36:48","slug":"dittersdorf-fontos-szerepe-a-varadi-klasszikus-zene-fejlodeseben","status":"publish","type":"post","link":"http:\/\/thurzozoltan.com\/it\/dittersdorf-fontos-szerepe-a-varadi-klasszikus-zene-fejlodeseben\/","title":{"rendered":"Importante ruolo di Dittersdorf nello sviluppo della musica classica a Oradea"},"content":{"rendered":"[et_pb_section admin_label=&#8221;Section&#8221; fullwidth=&#8221;on&#8221; specialty=&#8221;off&#8221; transparent_background=&#8221;on&#8221; background_color=&#8221;#ffffff&#8221; allow_player_pause=&#8221;off&#8221; inner_shadow=&#8221;off&#8221; parallax=&#8221;off&#8221; parallax_method=&#8221;off&#8221; padding_mobile=&#8221;off&#8221; make_fullwidth=&#8221;off&#8221; use_custom_width=&#8221;off&#8221; width_unit=&#8221;on&#8221; make_equal=&#8221;off&#8221; use_custom_gutter=&#8221;off&#8221;][et_pb_fullwidth_post_title admin_label=&#8221;Fullwidth Post Title&#8221; title=&#8221;on&#8221; meta=&#8221;off&#8221; author=&#8221;on&#8221; date=&#8221;on&#8221; categories=&#8221;on&#8221; comments=&#8221;on&#8221; featured_image=&#8221;off&#8221; featured_placement=&#8221;below&#8221; parallax_effect=&#8221;on&#8221; parallax_method=&#8221;on&#8221; text_orientation=&#8221;center&#8221; text_color=&#8221;dark&#8221; text_background=&#8221;off&#8221; text_bg_color=&#8221;rgba(255,255,255,0.9)&#8221; module_bg_color=&#8221;rgba(255,255,255,0)&#8221; title_font_size=&#8221;36&#8243; title_font_size_tablet=&#8221;29&#8243; title_font_size_phone=&#8221;20&#8243; title_font_size_last_edited=&#8221;on|phone&#8221; title_text_color=&#8221;#fee29b&#8221; title_all_caps=&#8221;off&#8221; use_border_color=&#8221;off&#8221; border_color=&#8221;#ffffff&#8221; border_style=&#8221;solid&#8221;] [\/et_pb_fullwidth_post_title][\/et_pb_section][et_pb_section admin_label=&#8221;section&#8221; transparent_background=&#8221;on&#8221; background_color=&#8221;#ffffff&#8221; allow_player_pause=&#8221;off&#8221; inner_shadow=&#8221;off&#8221; parallax=&#8221;off&#8221; parallax_method=&#8221;off&#8221; padding_mobile=&#8221;off&#8221; make_fullwidth=&#8221;off&#8221; use_custom_width=&#8221;off&#8221; width_unit=&#8221;on&#8221; make_equal=&#8221;off&#8221; use_custom_gutter=&#8221;off&#8221;][et_pb_row admin_label=&#8221;row&#8221;][et_pb_column type=&#8221;4_4&#8243;][et_pb_text admin_label=&#8221;Text&#8221; background_layout=&#8221;light&#8221; text_orientation=&#8221;justified&#8221; use_border_color=&#8221;off&#8221; border_color=&#8221;#ffffff&#8221; border_style=&#8221;solid&#8221;]\n<p>Karl Ditters von Dittersdorf \u00e8 nato a Vienna nel 1739 di nome agosto Carl Ditters. (Ha ottenuto il titolo nobile nell\u2019anno 1773 e poi si \u00e8 aggrappato al nome formula &#8220;von Dittersdorf&#8221;).<\/p>\n<p>Dopo la partenza di Michael Haydn da Oradea a Salisburgo nel 1762 l\u2019 orchestra del vescovo Patachich \u00e8 rimasta senza conduttore per due anni. Nei primi mesi del 1764 Patachich ha viaggiato a Vienna, dove \u00e8 riuscito ad assumere il primo violinista e il conduttore dell\u2019orchestra della regina Maria Teresa. Anche se Patachich era un ammiratore della musica classica, sembra che non era un buon diplomato in quanto la regina Maria Teresa non ha mai perdonato il vescovo che gli era caro, che la lasci\u00f2 senza il suo conduttore.<\/p>\n<p>Il vescovo ammirava tanto il gioco di violino del giovane violinista che immediatamente gli ha affidato la conduzione dell&#8217;orchestra, rispettivamente, con il compito di ampliare il numero di musicisti, con tanti artisti da Vienna e Praga che aveva bisogno.<\/p>\n<p><img loading=\"lazy\" decoding=\"async\" class=\"size-medium wp-image-6191 alignright\" src=\"http:\/\/thurzozoltan.com\/wp-content\/uploads\/2016\/08\/Dittersdorf-217x300.jpg\" alt=\"Dittersdorf\" width=\"217\" height=\"300\" srcset=\"http:\/\/thurzozoltan.com\/wp-content\/uploads\/2016\/08\/Dittersdorf-217x300.jpg 217w, http:\/\/thurzozoltan.com\/wp-content\/uploads\/2016\/08\/Dittersdorf.jpg 300w\" sizes=\"auto, (max-width: 217px) 100vw, 217px\" \/>Dittersdorf ha scelto musicisti eccezionali gi\u00e0 prima di partire da Vienna a Oradea. Tra di loro c&#8217;erano artisti il cui nome in seguito divenne noto in tutto il mondo. Ha portato con lui come maestro di concerto Wenzel Pichl, il compositore viennese di origine ceca, che era anche il suo caro amico.<\/p>\n<p>Dittersdorf (nonch\u00e9 Wenzel Pichl) sono arrivati a Oradea l\u20191 aprile 1764. \u00c8 errore generale che i due sarebbero arrivati a Oradea nel 1765. Purtroppo ci sono quelli che , non tenendo conto dei dati storici esatti , presentano in modo sbagliato la data dell\u2019arrivo di Dittersdorf e Wenzel a Oradea, e con questa imprecisione, purtroppo, danno-prendono informazioni errate gli uni dagli altri ..<\/p>\n<p>Prima di procedere alla presentazione del tempo trascorso da Dittersdorf a Oradea (che si riferisce anche a M. Haydn), occorre precisare il luogo dove questi hanno svolto la loro attivit\u00e0. \u00c8 importante riflettere su questi dettagli perch\u00e9 non spesso ci sono riferimenti a questo riguardo. La ragione di ci\u00f2 sta nel fatto che molti credono che Haydn, Dittersdorf e Pichl hanno svolto l\u2019attivit\u00e0 nell\u2019attuale Cattedrale romano-cattolica. L&#8217;idea \u00e8 interessante, ma la verit\u00e0 \u00e8 diversa!<\/p>\n<p><strong>Dove hanno suonato?<\/strong><\/p>\n<p><strong><img loading=\"lazy\" decoding=\"async\" class=\" wp-image-6229 alignleft\" src=\"http:\/\/thurzozoltan.com\/wp-content\/uploads\/2016\/08\/P\u00fcsp\u00f6ki-Palota-300x218.jpg\" alt=\"P\u00fcsp\u00f6ki Palota\" width=\"376\" height=\"273\" srcset=\"http:\/\/thurzozoltan.com\/wp-content\/uploads\/2016\/08\/P\u00fcsp\u00f6ki-Palota-300x218.jpg 300w, http:\/\/thurzozoltan.com\/wp-content\/uploads\/2016\/08\/P\u00fcsp\u00f6ki-Palota-768x559.jpg 768w, http:\/\/thurzozoltan.com\/wp-content\/uploads\/2016\/08\/P\u00fcsp\u00f6ki-Palota-1024x745.jpg 1024w, http:\/\/thurzozoltan.com\/wp-content\/uploads\/2016\/08\/P\u00fcsp\u00f6ki-Palota.jpg 1056w\" sizes=\"auto, (max-width: 376px) 100vw, 376px\" \/><\/strong>Per dimostrare (anche mio nonno, come lo scopritore dei dati corretti ha cercato di fornire dati autentici a tutti) il fatto che le ipotesi sbagliate &#8220;non si possono sostenere&#8221;, dobbiamo ricordare che nel 1752 ha iniziato la costruzione della Cattedrale romano-cattolica romana e si \u00e8 conclusa solo nel 1779. Anche se \u00e8 certo che \u00e8 stata aperta ai credenti e al pubblico, anche l&#8217;organo \u00e8 stato preso in uso, ma la consacrazione ufficiale \u00e8 avvenuta solo nel 1780. La prima pietra del Palazzo Vescovile accanto ad essa fu messa nel 1762 (circa questo ho fatto riferimento in un articolo precedente) ed \u00e8 stato completato nel 1776. Cosi come attestano anche i dati di cui sopra, era impossibile per i tre, Haydn, Dittersdorf e Pichl di svolgere l\u2019attivit\u00e0 qui, perch\u00e9 i tre sono stati a Oradea tra 1760-1769, ma gli edifici in quel periodo non erano ancora finiti.<\/p>\n<p>A quel tempo la Cattedrale \u00e8 stata l&#8217;attuale Chiesa di San Ladislao, che ha funzionato come una cattedrale dal 1723 fino nel 1780.<\/p>\n<p><img loading=\"lazy\" decoding=\"async\" class=\" wp-image-6288 alignleft\" src=\"http:\/\/thurzozoltan.com\/wp-content\/uploads\/2016\/08\/Szent-L\u00e1szl\u00f3-templom-1-214x300.jpg\" alt=\"Szent L\u00e1szl\u00f3 templom\" width=\"241\" height=\"338\" srcset=\"http:\/\/thurzozoltan.com\/wp-content\/uploads\/2016\/08\/Szent-L\u00e1szl\u00f3-templom-1-214x300.jpg 214w, http:\/\/thurzozoltan.com\/wp-content\/uploads\/2016\/08\/Szent-L\u00e1szl\u00f3-templom-1.jpg 606w\" sizes=\"auto, (max-width: 241px) 100vw, 241px\" \/>Va notato che il Palazzo Vescovile in quel periodo era al posto del Municipio di oggi, che \u00e8 stato costruito da Cs\u00e1ky Mikl\u00f3s (vescovo di Oradea tra 1737-1747), che ha anche funzionato come un seminario teologico, e che purtroppo ha bruciato\u00a0 totalmente nel 1773. L&#8217;ala destra di questo edificio esiste ancora vicino alla torre del comune di oggi . L&#8217;attuale direzione della citt\u00e0, il Vescovado, ignorano il carattere di monumento storico che comprendere pi\u00f9 secoli. Questo edificio dovrebbe essere riabilitato con urgenza.<\/p>\n<p><strong>Compositore produttivo<\/strong><\/p>\n<p><img loading=\"lazy\" decoding=\"async\" class=\" wp-image-6234 alignright\" src=\"http:\/\/thurzozoltan.com\/wp-content\/uploads\/2016\/08\/Szent-L\u00e1szl\u00f3-templom-300x200.jpg\" alt=\"Szent L\u00e1szl\u00f3 templom\" width=\"360\" height=\"240\" srcset=\"http:\/\/thurzozoltan.com\/wp-content\/uploads\/2016\/08\/Szent-L\u00e1szl\u00f3-templom-300x200.jpg 300w, http:\/\/thurzozoltan.com\/wp-content\/uploads\/2016\/08\/Szent-L\u00e1szl\u00f3-templom-768x512.jpg 768w, http:\/\/thurzozoltan.com\/wp-content\/uploads\/2016\/08\/Szent-L\u00e1szl\u00f3-templom.jpg 1024w\" sizes=\"auto, (max-width: 360px) 100vw, 360px\" \/>Ritornando, Dittersdorf \u00e8 riuscito a continuare con successo ancora maggiore il servizio iniziato nei tempi di Haydn. L&#8217;ambiente in cui lavorava era pi\u00f9 favorevole che nel periodo del suo predecessore, che ha dovuto mettere anche le basi in parallelo con il suo lavoro.<\/p>\n<p>Innanzitutto, Dittersdorf ha completato l\u2019orchestra del vescovo con musicisti che ha portato da Vienna e ha portato il coro a un livello in cui \u00e8 potuto diventare conosciuto sia in patria che a livello internazionale.<\/p>\n<p>Anche se la musica di Dittersdorf \u00e8 stata trascurata, quasi dimenticata dalla posterit\u00e0, il suo lavoro sembra di essere riscoperto negli ultimi decenni. \u00c8 stato un compositore produttivo, sapeva di comporre musica facilmente e rapidamente, questa pu\u00f2 essere la spiegazione del fatto che nel caso di alcune opere si sente la superficialit\u00e0. (\u2026)<\/p>\n<p>La sfortuna che ha colpito la sua vita e il suo lavoro \u00e8 il fatto che ha vissuto al tempo di Giuseppe, Michael Haydn, Wolfgang Amadeus Mozart, le cui opere sono difficile da raggiungere. Tuttavia, Dittersdorf ha avuto un ruolo estremamente importante sia per lo sviluppo della musica classica a Vienna che a Oradea.<\/p>\n<p>Dalle trentaquattro opere, 12 sono state scritte in lingua italiana, il resto, soprattutto quelle dopo 1786, sono state scritte in tedesco. Dalle sue sinfonie legate al suo nome 120 sono considerate ad essere composte da lui , e altre 90 sono sinfonie il cui autore non si sa con certezza, ma sono attribuite a Dittersdorf. Oltre a queste, ha composto pi\u00f9 di 70 concerti per vari strumenti (violino, viola, oboe, pianoforte, ecc). Il numero delle opere di musica da camera \u00e8 quasi 280, il numero delle opere oratorie si avvicina a 240.<\/p>\n<p>Negli ultimi anni le opere dei personaggi di cui sopra sono ritornate sul palco di Oradea. Nel repertorio dell\u2019orchestra di musica di camera della Filarmonica le opere di Haydn, Pichl e von Dittersdorf hanno avuto luogo in modo permanente. \u00c8 successo che in uno spettacolo il pubblico ha avuto l&#8217;opportunit\u00e0 di ascoltare le opere di un singolo compositore.<\/p>\n<p>Certo, il suo tempo trascorso a Oradea non scompare nella nebbia della dimenticanza! Avremmo cura noi, gli abitanti di Oradea!<\/p>\n[\/et_pb_text][et_pb_divider admin_label=&#8221;Divider&#8221; color=&#8221;#ffffff&#8221; show_divider=&#8221;off&#8221; height=&#8221;40&#8243; divider_style=&#8221;solid&#8221; divider_position=&#8221;top&#8221; hide_on_mobile=&#8221;on&#8221;] [\/et_pb_divider][et_pb_button admin_label=&#8221;Button&#8221; button_url=&#8221;http:\/\/thurzozoltan.com\/wp-content\/uploads\/2016\/04\/bihari-naplo-cikk-4.pdf&#8221; url_new_window=&#8221;on&#8221; button_text=&#8221;Scaricare in PDF&#8221; button_alignment=&#8221;right&#8221; background_layout=&#8221;light&#8221; custom_button=&#8221;on&#8221; button_letter_spacing=&#8221;0&#8243; button_use_icon=&#8221;default&#8221; button_icon=&#8221;%%65%%&#8221; button_icon_placement=&#8221;right&#8221; button_on_hover=&#8221;on&#8221; button_letter_spacing_hover=&#8221;0&#8243;] [\/et_pb_button][\/et_pb_column][\/et_pb_row][\/et_pb_section]\n","protected":false},"excerpt":{"rendered":"<p>[et_pb_section admin_label=&#8221;Section&#8221; fullwidth=&#8221;on&#8221; specialty=&#8221;off&#8221; transparent_background=&#8221;on&#8221; background_color=&#8221;#ffffff&#8221; allow_player_pause=&#8221;off&#8221; inner_shadow=&#8221;off&#8221; parallax=&#8221;off&#8221; parallax_method=&#8221;off&#8221; padding_mobile=&#8221;off&#8221; make_fullwidth=&#8221;off&#8221; use_custom_width=&#8221;off&#8221; width_unit=&#8221;on&#8221; make_equal=&#8221;off&#8221; use_custom_gutter=&#8221;off&#8221;][et_pb_fullwidth_post_title admin_label=&#8221;Fullwidth Post Title&#8221; title=&#8221;on&#8221; meta=&#8221;off&#8221; author=&#8221;on&#8221; date=&#8221;on&#8221; categories=&#8221;on&#8221; comments=&#8221;on&#8221; featured_image=&#8221;off&#8221; featured_placement=&#8221;below&#8221; parallax_effect=&#8221;on&#8221; parallax_method=&#8221;on&#8221; text_orientation=&#8221;center&#8221; text_color=&#8221;dark&#8221; text_background=&#8221;off&#8221; text_bg_color=&#8221;rgba(255,255,255,0.9)&#8221; module_bg_color=&#8221;rgba(255,255,255,0)&#8221; title_font_size=&#8221;36&#8243; title_font_size_tablet=&#8221;29&#8243; title_font_size_phone=&#8221;20&#8243; title_font_size_last_edited=&#8221;on|phone&#8221; title_text_color=&#8221;#fee29b&#8221; title_all_caps=&#8221;off&#8221; use_border_color=&#8221;off&#8221; border_color=&#8221;#ffffff&#8221; border_style=&#8221;solid&#8221;] [\/et_pb_fullwidth_post_title][\/et_pb_section][et_pb_section admin_label=&#8221;section&#8221; transparent_background=&#8221;on&#8221; background_color=&#8221;#ffffff&#8221; allow_player_pause=&#8221;off&#8221; inner_shadow=&#8221;off&#8221; parallax=&#8221;off&#8221; parallax_method=&#8221;off&#8221; padding_mobile=&#8221;off&#8221; make_fullwidth=&#8221;off&#8221; use_custom_width=&#8221;off&#8221; width_unit=&#8221;on&#8221; [&hellip;]<\/p>\n","protected":false},"author":1,"featured_media":0,"comment_status":"open","ping_status":"open","sticky":false,"template":"","format":"standard","meta":{"footnotes":""},"categories":[113],"tags":[],"class_list":["post-7235","post","type-post","status-publish","format-standard","hentry","category-irasaim-it"],"_links":{"self":[{"href":"http:\/\/thurzozoltan.com\/it\/wp-json\/wp\/v2\/posts\/7235","targetHints":{"allow":["GET"]}}],"collection":[{"href":"http:\/\/thurzozoltan.com\/it\/wp-json\/wp\/v2\/posts"}],"about":[{"href":"http:\/\/thurzozoltan.com\/it\/wp-json\/wp\/v2\/types\/post"}],"author":[{"embeddable":true,"href":"http:\/\/thurzozoltan.com\/it\/wp-json\/wp\/v2\/users\/1"}],"replies":[{"embeddable":true,"href":"http:\/\/thurzozoltan.com\/it\/wp-json\/wp\/v2\/comments?post=7235"}],"version-history":[{"count":3,"href":"http:\/\/thurzozoltan.com\/it\/wp-json\/wp\/v2\/posts\/7235\/revisions"}],"predecessor-version":[{"id":9463,"href":"http:\/\/thurzozoltan.com\/it\/wp-json\/wp\/v2\/posts\/7235\/revisions\/9463"}],"wp:attachment":[{"href":"http:\/\/thurzozoltan.com\/it\/wp-json\/wp\/v2\/media?parent=7235"}],"wp:term":[{"taxonomy":"category","embeddable":true,"href":"http:\/\/thurzozoltan.com\/it\/wp-json\/wp\/v2\/categories?post=7235"},{"taxonomy":"post_tag","embeddable":true,"href":"http:\/\/thurzozoltan.com\/it\/wp-json\/wp\/v2\/tags?post=7235"}],"curies":[{"name":"wp","href":"https:\/\/api.w.org\/{rel}","templated":true}]}}