{"id":7262,"date":"2016-08-08T12:30:12","date_gmt":"2016-08-08T12:30:12","guid":{"rendered":"http:\/\/thurzozoltan.com\/ro\/orizni-kell-a-kulturalis-szellemi-orokseget\/"},"modified":"2016-10-26T13:07:45","modified_gmt":"2016-10-26T13:07:45","slug":"orizni-kell-a-kulturalis-szellemi-orokseget","status":"publish","type":"post","link":"http:\/\/thurzozoltan.com\/ro\/orizni-kell-a-kulturalis-szellemi-orokseget\/","title":{"rendered":"Mo\u015ftenirea cultural\u0103 trebuie p\u0103strat\u0103"},"content":{"rendered":"[et_pb_section admin_label=&#8221;Section&#8221; fullwidth=&#8221;on&#8221; specialty=&#8221;off&#8221; transparent_background=&#8221;on&#8221; background_color=&#8221;#ffffff&#8221; allow_player_pause=&#8221;off&#8221; inner_shadow=&#8221;off&#8221; parallax=&#8221;off&#8221; parallax_method=&#8221;off&#8221; padding_mobile=&#8221;off&#8221; make_fullwidth=&#8221;off&#8221; use_custom_width=&#8221;off&#8221; width_unit=&#8221;on&#8221; make_equal=&#8221;off&#8221; use_custom_gutter=&#8221;off&#8221;][et_pb_fullwidth_post_title admin_label=&#8221;Fullwidth Post Title&#8221; title=&#8221;on&#8221; meta=&#8221;off&#8221; author=&#8221;on&#8221; date=&#8221;on&#8221; categories=&#8221;on&#8221; comments=&#8221;on&#8221; featured_image=&#8221;off&#8221; featured_placement=&#8221;below&#8221; parallax_effect=&#8221;on&#8221; parallax_method=&#8221;on&#8221; text_orientation=&#8221;center&#8221; text_color=&#8221;dark&#8221; text_background=&#8221;off&#8221; text_bg_color=&#8221;rgba(255,255,255,0.9)&#8221; module_bg_color=&#8221;rgba(255,255,255,0)&#8221; title_font_size=&#8221;36&#8243; title_font_size_tablet=&#8221;29&#8243; title_font_size_phone=&#8221;20&#8243; title_font_size_last_edited=&#8221;on|phone&#8221; title_text_color=&#8221;#fee29b&#8221; title_all_caps=&#8221;off&#8221; use_border_color=&#8221;off&#8221; border_color=&#8221;#ffffff&#8221; border_style=&#8221;solid&#8221;] [\/et_pb_fullwidth_post_title][\/et_pb_section][et_pb_section admin_label=&#8221;section&#8221; transparent_background=&#8221;on&#8221; background_color=&#8221;#ffffff&#8221; allow_player_pause=&#8221;off&#8221; inner_shadow=&#8221;off&#8221; parallax=&#8221;off&#8221; parallax_method=&#8221;off&#8221; padding_mobile=&#8221;off&#8221; make_fullwidth=&#8221;off&#8221; use_custom_width=&#8221;off&#8221; width_unit=&#8221;on&#8221; make_equal=&#8221;off&#8221; use_custom_gutter=&#8221;off&#8221;][et_pb_row admin_label=&#8221;row&#8221;][et_pb_column type=&#8221;4_4&#8243;][et_pb_text admin_label=&#8221;Text&#8221; background_layout=&#8221;light&#8221; text_orientation=&#8221;justified&#8221; use_border_color=&#8221;off&#8221; border_color=&#8221;#ffffff&#8221; border_style=&#8221;solid&#8221;]\n<p><img loading=\"lazy\" decoding=\"async\" class=\"wp-image-6160  alignleft\" src=\"http:\/\/thurzozoltan.com\/wp-content\/uploads\/2016\/08\/64388thurzo-Sandor-300x300.jpg\" width=\"235\" height=\"235\" srcset=\"http:\/\/thurzozoltan.com\/wp-content\/uploads\/2016\/08\/64388thurzo-Sandor-300x300.jpg 300w, http:\/\/thurzozoltan.com\/wp-content\/uploads\/2016\/08\/64388thurzo-Sandor-150x150.jpg 150w, http:\/\/thurzozoltan.com\/wp-content\/uploads\/2016\/08\/64388thurzo-Sandor-768x768.jpg 768w, http:\/\/thurzozoltan.com\/wp-content\/uploads\/2016\/08\/64388thurzo-Sandor.jpg 800w\" sizes=\"auto, (max-width: 235px) 100vw, 235px\" \/>\u2026\u00eenflorirea vie\u0163ii muzicale din Oradea din acea perioad\u0103 poate fi mul\u0163umit baronului episcop Patachich \u00c1dam, care este cunoscut pentru sprijinirea artei, \u015fi care angaja \u00een curtea sa cei mai buni muzicieni a perioadei. Este deci demn s\u0103 \u00eengrijim \u015fi s\u0103 cultiv\u0103m de la an la an mo\u015ftenirea cultural\u0103 l\u0103sat\u0103 pe noi\u2026\u201d- spunea \u00eentotdeauna istoricul de muzic\u0103, muzicologul renumit din Oradea, Thurz\u00f3 S\u00e1ndor.<\/p>\n<p>Ideea demar\u0103rii festivalului l-a preocupat pe renumitul muzician deja \u00eenainte\u00a0 &#8211; ca acesta s\u0103 de realizeze \u00een 2004 \u2013 dar ca \u015fi la un plan at\u00e2t de ambi\u0163ios, preg\u0103tirile au necesitat munc\u0103 foarte minu\u0163ioas\u0103.<\/p>\n<p>Bunicul meu a lucrat pentru colectarea materialului desinat festivalului mai mul\u0163i ani, pentru c\u0103 a \u00eenceput aceast\u0103 colectare \u00eentr-o perioad\u0103 istoric\u0103 at\u00e2t de \u00eentunecat\u0103, c\u00e2nd \u00eenc\u0103 totul legat chiar \u015fi cel mai pu\u0163in de cultur\u0103, arte respectiv mi\u015fc\u0103rile intelectuale era acoperit de masca neagr\u0103 a regimului comunist. \u00cen aceea perioad\u0103, din p\u0103cate nici nu s-a putut g\u00e2ndi la a\u015fa ceva, omul ar fi fost rezolvat de \u00eendat\u0103.<\/p>\n<p><strong>Colectarea operelor<\/strong><\/p>\n<p>O dat\u0103 cu schimbarea regimului din 1989 din sfera g\u00e2ndurilor s-a putut avansa \u00een sfera faptelor, pl\u0103nui, realiza \u015fi a \u00eenceput cump\u0103rarea mai multor partituri, ob\u0163inerea operelor, acum \u00eentr-o mai mare m\u0103sur\u0103 \u015fi intensitate dec\u00e2t \u00eenainte. Atunci deja s-ar fi putut demara festivalul, dar nu ar fi fost u\u015for de \u0163inut \u00een via\u0163\u0103 pe o perioad\u0103 lung\u0103, de a prezenta un repertoriu variat din materialele existente p\u00e2n\u0103 atunci. Din acest motiv planul a fost ob\u0163inerea mai multor opere. Pe parcursul multor ani a reu\u015fit s\u0103 \u00eembog\u0103\u0163easc\u0103 materialul deja existent cu multe altele pre\u0163ioase, dar Thurz\u00f3 S\u00e1ndor nu a demarat \u00eenc\u0103 festivalul, pentru c\u0103 \u015fi-a dorit s\u0103 lege primul festival de o dat\u0103 important\u0103 din istoria noastr\u0103 local\u0103: de memorabilul 1964.<\/p>\n<p>P\u00e2n\u0103 la urm\u0103 festivalul a fost demarat \u00een octombrie 2004, av\u00e2nd \u00een vedere mai multe puncte de vedere: pe de o parte, pentru c\u0103 \u00een urm\u0103 cu 40 de ani s-a \u00eent\u00e2mplat c\u0103 locuitorii or\u0103deni, indiferent de na\u0163ionalitate \u015fi religie, s-au unit \u015fi au salvat biserica Sf\u00e2ntul Ladislau de demolare, care de altfel a func\u0163ionat ca \u015fi Catedral\u0103 din 1723 p\u00e2n\u0103 \u00een 1780, pe de alt\u0103 parte, ace\u015fti trei compozitori \u00eentre 1760-1769 (cert este c\u0103, cu doi ani de \u00eentrerupere) au creat opere \u00een acest ora\u015f, \u015fi au desf\u0103\u015furat activitate prin care au contribuit la \u00eendeplinirea culturii muzicale din Oradea la nivel european.<\/p>\n<p><strong>\u00ce\u015fi ocup\u0103 locul care i se cuvine<\/strong><\/p>\n<p>\u00cen 2009, dup\u0103 decesul lui Thurz\u00f3 S\u00e1ndor, prelu\u00e2nd conducerea artistic\u0103 a festivalului, cel mai important scop a fost ca festivalul care deja a devenit cunoscut s\u0103-\u015fi \u00eent\u0103reasc\u0103 \u015fi mai mult locul \u00een via\u0163a muzical\u0103 din Europa. Trebuie s\u0103 fim m\u00e2ndri de ace\u015fti compozitori, care au tr\u0103it ani \u00een \u015fir \u015fi au compus \u00een ora\u015ful nostru \u00eendr\u0103git. Este important s\u0103 p\u0103str\u0103m acea mo\u015ftenire spiritual\u0103 bogat\u0103 pe care ne-au l\u0103sat ace\u015fti trei compozitori.<\/p>\n<p><img loading=\"lazy\" decoding=\"async\" class=\"wp-image-6168  alignright\" src=\"http:\/\/thurzozoltan.com\/wp-content\/uploads\/2016\/08\/download-300x199.jpg\" width=\"347\" height=\"230\" srcset=\"http:\/\/thurzozoltan.com\/wp-content\/uploads\/2016\/08\/download-300x199.jpg 300w, http:\/\/thurzozoltan.com\/wp-content\/uploads\/2016\/08\/download.jpg 425w\" sizes=\"auto, (max-width: 347px) 100vw, 347px\" \/>To\u0163i suntem responsabili, \u015fi cred c\u0103, pornind de la aceast\u0103 baz\u0103 putem \u00eembog\u0103\u0163i \u015fi forma \u00een mod pozitiv imaginea muzical\u0103 a ora\u015fului Oradea.<\/p>\n<p>Cred c\u0103 este important s\u0103 amintim munca creatoare al acestor muzicieni. Trebuie s\u0103 cunoa\u015ftem mai profund aceast\u0103 perioad\u0103 remarcabil\u0103 a istoriei muzicii din Oradea, pentru c\u0103 con\u0163ine multe lucruri interesante, despre care cred c\u0103 nu avem voie s\u0103 uit\u0103m.<\/p>\n<p><strong>Cele mai autentice surse<\/strong><\/p>\n<p>Seria actual\u0103 de articole l-am format din colec\u0163ia vast\u0103 de documente al bunicului meu, ceea ce este pentru mine cea mai autentic\u0103 surs\u0103 de materiale. Autenticitatea cuminic\u0103rii datelor de c\u0103tre bunicul meu este dovedit\u0103 de faptul c\u0103 numero\u015fi oameni de \u015ftiin\u0163\u0103, cercet\u0103tori \u015fi speciali\u015fti, reviste importante de specialitate, publica\u0163ii, volumuri de muzicologie, morfologii din \u0163ar\u0103 \u015fi str\u0103in\u0103tate au folosit descoperirile \u015fi clarific\u0103rile sale de istoric local. Dorin\u0163a mea este ca la festivalul actual (\u015fi la festivalurile care vor urma) s\u0103 aduc, \u00eempreun\u0103 cu renumi\u0163ii interpre\u0163i, mai aproape de publicul iubitor de muzic\u0103 istoricul timpului petrecut \u00een Oradea de c\u0103tre ace\u015fti trei compozitori.<\/p>\n<p>Din p\u0103cate, referitor la acesta, \u015fi \u00een zilele noastre pot fi reg\u0103site numeroase informa\u0163ii \u201ddisonante\u201d \u00een con\u015ftiin\u0163a publicului.<\/p>\n<p>Este importanta compararea acestora cu faptele reale din documentele de constatare a faptelor.<\/p>\n[\/et_pb_text][et_pb_divider admin_label=&#8221;Divider&#8221; color=&#8221;#ffffff&#8221; show_divider=&#8221;off&#8221; height=&#8221;40&#8243; divider_style=&#8221;solid&#8221; divider_position=&#8221;top&#8221; hide_on_mobile=&#8221;on&#8221;] [\/et_pb_divider][et_pb_button admin_label=&#8221;Button&#8221; button_url=&#8221;http:\/\/thurzozoltan.com\/wp-content\/uploads\/2016\/04\/bihari-naplo-cikk-1.pdf&#8221; url_new_window=&#8221;on&#8221; button_text=&#8221;Desc\u0103rcare PDF&#8221; button_alignment=&#8221;right&#8221; background_layout=&#8221;light&#8221; custom_button=&#8221;on&#8221; button_letter_spacing=&#8221;0&#8243; button_use_icon=&#8221;default&#8221; button_icon=&#8221;%%65%%&#8221; button_icon_placement=&#8221;right&#8221; button_on_hover=&#8221;on&#8221; button_letter_spacing_hover=&#8221;0&#8243;] [\/et_pb_button][\/et_pb_column][\/et_pb_row][\/et_pb_section]\n","protected":false},"excerpt":{"rendered":"<p>[et_pb_section admin_label=&#8221;Section&#8221; fullwidth=&#8221;on&#8221; specialty=&#8221;off&#8221; transparent_background=&#8221;on&#8221; background_color=&#8221;#ffffff&#8221; allow_player_pause=&#8221;off&#8221; inner_shadow=&#8221;off&#8221; parallax=&#8221;off&#8221; parallax_method=&#8221;off&#8221; padding_mobile=&#8221;off&#8221; make_fullwidth=&#8221;off&#8221; use_custom_width=&#8221;off&#8221; width_unit=&#8221;on&#8221; make_equal=&#8221;off&#8221; use_custom_gutter=&#8221;off&#8221;][et_pb_fullwidth_post_title admin_label=&#8221;Fullwidth Post Title&#8221; title=&#8221;on&#8221; meta=&#8221;off&#8221; author=&#8221;on&#8221; date=&#8221;on&#8221; categories=&#8221;on&#8221; comments=&#8221;on&#8221; featured_image=&#8221;off&#8221; featured_placement=&#8221;below&#8221; parallax_effect=&#8221;on&#8221; parallax_method=&#8221;on&#8221; text_orientation=&#8221;center&#8221; text_color=&#8221;dark&#8221; text_background=&#8221;off&#8221; text_bg_color=&#8221;rgba(255,255,255,0.9)&#8221; module_bg_color=&#8221;rgba(255,255,255,0)&#8221; title_font_size=&#8221;36&#8243; title_font_size_tablet=&#8221;29&#8243; title_font_size_phone=&#8221;20&#8243; title_font_size_last_edited=&#8221;on|phone&#8221; title_text_color=&#8221;#fee29b&#8221; title_all_caps=&#8221;off&#8221; use_border_color=&#8221;off&#8221; border_color=&#8221;#ffffff&#8221; border_style=&#8221;solid&#8221;] [\/et_pb_fullwidth_post_title][\/et_pb_section][et_pb_section admin_label=&#8221;section&#8221; transparent_background=&#8221;on&#8221; background_color=&#8221;#ffffff&#8221; allow_player_pause=&#8221;off&#8221; inner_shadow=&#8221;off&#8221; parallax=&#8221;off&#8221; parallax_method=&#8221;off&#8221; padding_mobile=&#8221;off&#8221; make_fullwidth=&#8221;off&#8221; use_custom_width=&#8221;off&#8221; width_unit=&#8221;on&#8221; [&hellip;]<\/p>\n","protected":false},"author":1,"featured_media":0,"comment_status":"open","ping_status":"open","sticky":false,"template":"","format":"standard","meta":{"footnotes":""},"categories":[114],"tags":[],"class_list":["post-7262","post","type-post","status-publish","format-standard","hentry","category-irasaim-ro"],"_links":{"self":[{"href":"http:\/\/thurzozoltan.com\/ro\/wp-json\/wp\/v2\/posts\/7262","targetHints":{"allow":["GET"]}}],"collection":[{"href":"http:\/\/thurzozoltan.com\/ro\/wp-json\/wp\/v2\/posts"}],"about":[{"href":"http:\/\/thurzozoltan.com\/ro\/wp-json\/wp\/v2\/types\/post"}],"author":[{"embeddable":true,"href":"http:\/\/thurzozoltan.com\/ro\/wp-json\/wp\/v2\/users\/1"}],"replies":[{"embeddable":true,"href":"http:\/\/thurzozoltan.com\/ro\/wp-json\/wp\/v2\/comments?post=7262"}],"version-history":[{"count":2,"href":"http:\/\/thurzozoltan.com\/ro\/wp-json\/wp\/v2\/posts\/7262\/revisions"}],"predecessor-version":[{"id":9443,"href":"http:\/\/thurzozoltan.com\/ro\/wp-json\/wp\/v2\/posts\/7262\/revisions\/9443"}],"wp:attachment":[{"href":"http:\/\/thurzozoltan.com\/ro\/wp-json\/wp\/v2\/media?parent=7262"}],"wp:term":[{"taxonomy":"category","embeddable":true,"href":"http:\/\/thurzozoltan.com\/ro\/wp-json\/wp\/v2\/categories?post=7262"},{"taxonomy":"post_tag","embeddable":true,"href":"http:\/\/thurzozoltan.com\/ro\/wp-json\/wp\/v2\/tags?post=7262"}],"curies":[{"name":"wp","href":"https:\/\/api.w.org\/{rel}","templated":true}]}}