{"id":6624,"date":"2016-05-20T08:59:01","date_gmt":"2016-05-20T08:59:01","guid":{"rendered":"http:\/\/thurzozoltan.com\/de\/strauss-vilaga-es-ami-mogotte-van\/"},"modified":"2017-01-31T21:53:40","modified_gmt":"2017-01-31T21:53:40","slug":"strauss-vilaga-es-ami-mogotte-van","status":"publish","type":"post","link":"https:\/\/thurzozoltan.com\/de\/strauss-vilaga-es-ami-mogotte-van\/","title":{"rendered":"\u201eDie Welt von Strauss&#8230;und auch dar\u00fcber hinaus!\u201d"},"content":{"rendered":"[et_pb_section admin_label=&#8221;Section&#8221; fullwidth=&#8221;on&#8221; specialty=&#8221;off&#8221; transparent_background=&#8221;on&#8221; background_color=&#8221;#ffffff&#8221; allow_player_pause=&#8221;off&#8221; inner_shadow=&#8221;off&#8221; parallax=&#8221;off&#8221; parallax_method=&#8221;off&#8221; padding_mobile=&#8221;off&#8221; make_fullwidth=&#8221;off&#8221; use_custom_width=&#8221;off&#8221; width_unit=&#8221;on&#8221; make_equal=&#8221;off&#8221; use_custom_gutter=&#8221;off&#8221;][et_pb_fullwidth_post_title admin_label=&#8221;Fullwidth Post Title&#8221; title=&#8221;on&#8221; meta=&#8221;off&#8221; author=&#8221;on&#8221; date=&#8221;on&#8221; categories=&#8221;on&#8221; comments=&#8221;on&#8221; featured_image=&#8221;off&#8221; featured_placement=&#8221;below&#8221; parallax_effect=&#8221;on&#8221; parallax_method=&#8221;on&#8221; text_orientation=&#8221;center&#8221; text_color=&#8221;dark&#8221; text_background=&#8221;off&#8221; text_bg_color=&#8221;rgba(255,255,255,0.9)&#8221; module_bg_color=&#8221;rgba(255,255,255,0)&#8221; title_font_size=&#8221;36&#8243; title_font_size_tablet=&#8221;29&#8243; title_font_size_phone=&#8221;20&#8243; title_font_size_last_edited=&#8221;on|phone&#8221; title_text_color=&#8221;#fee29b&#8221; title_all_caps=&#8221;off&#8221; use_border_color=&#8221;off&#8221; border_color=&#8221;#ffffff&#8221; border_style=&#8221;solid&#8221;] <br \/>\n [\/et_pb_fullwidth_post_title][\/et_pb_section][et_pb_section admin_label=&#8221;section&#8221; transparent_background=&#8221;on&#8221; background_color=&#8221;#ffffff&#8221; allow_player_pause=&#8221;off&#8221; inner_shadow=&#8221;off&#8221; parallax=&#8221;off&#8221; parallax_method=&#8221;off&#8221; padding_mobile=&#8221;off&#8221; make_fullwidth=&#8221;off&#8221; use_custom_width=&#8221;off&#8221; width_unit=&#8221;on&#8221; make_equal=&#8221;off&#8221; use_custom_gutter=&#8221;off&#8221;][et_pb_row admin_label=&#8221;row&#8221;][et_pb_column type=&#8221;4_4&#8243;][et_pb_text admin_label=&#8221;Text&#8221; background_layout=&#8221;light&#8221; text_orientation=&#8221;right&#8221; use_border_color=&#8221;off&#8221; border_color=&#8221;#ffffff&#8221; border_style=&#8221;solid&#8221;]\n<p><a href=\"http:\/\/thurzozoltan.com\/de\/fenykepek\/\">zur\u00fcck zu den Alben<\/a><\/p>\n[\/et_pb_text][et_pb_text admin_label=&#8221;Text&#8221; background_layout=&#8221;light&#8221; text_orientation=&#8221;left&#8221; use_border_color=&#8221;off&#8221; border_color=&#8221;#ffffff&#8221; border_style=&#8221;solid&#8221;]\n<p>Wie Wien und Walzer, so sind Wien und die Strauss Familie untrennbar miteinander.\u00a0<\/p>\n<p style=\"text-align: justify;\">Ich erz\u00e4hle Ihnen die Geschichte eines Jungen, wer mit Ausdauer, Flei\u00df und Vision gerade w\u00e4hrend sein Leben auf einen imagin\u00e4ren Thron aufstieg! <br \/>\n Musik ist eine Ausdrucksweise &#8211; Ausdrucksweise, die sehr leicht in der gegenw\u00e4rtigen Welt ben\u00fctzt sein kann. Basis der musikalischen Sprache ist ein wei\u00dfes-schwarzes ABC und die gleiche Instrumente auf 12 T\u00f6ne basiert, ist von jedem Komponisten verwendet. Es \u00e4ndert sich nur die Form wie Musik durch eine individuelle Lebensumst\u00e4nde erscheint. Man kann sagen, da\u00df die Landschaft und die Geschichten identisch sind, nur die Figuren \u00e4ndern sich weiter.\u00a0<\/p>\n<p style=\"text-align: justify;\">Diese Produktion ist eine Show, die sich von den gew\u00f6hnlichen musikalischen Veranstaltungen unterscheidet, weil das Publikum nicht nur die musikalischen Werke zu der gew\u00f6hnlichen &#8220;Thema&#8221; h\u00f6ren und genie\u00dfen kann.<\/p>\n<p style=\"text-align: justify;\">Das Leben von Johann Strauss Jr. ist sehr interessant, aber wenige Leute kennen es. Der Moderator pr\u00e4sentiert das Leben des Komponisten auf interaktive Weise, er erz\u00e4hlt verschiedene interessante Sachen \u00fcber die Umst\u00e4nde der Geburt der Werken, die laut ert\u00f6nen werden, indem er eine zus\u00e4tzliche Nuance der Auff\u00fchrung mit Hilfe der historischen Fakten hinzuf\u00fcgt, indem er die Welt der Salons in heutigen Zeit darstellt, neben der verbundenen Epoche, zeitgen\u00f6ssischen Geschichten, historischen Parallelen aber auch durch die zugeh\u00f6rigen Klatschereien. Er greift sein Publikum w\u00e4hrend der Auff\u00fchrung oftmals auf organische Ebene an und das r\u00fchrt immer eine gute Stimmung der Anwesenden.<\/p>\n<p style=\"text-align: justify;\">Thurz\u00f3 Zolt\u00e1n schuf ein neues Genre, das sein Emblem wurde.<\/p>\n<p style=\"text-align: justify;\">Nat\u00fcrlich, da\u00df es ein Vorteil ist, welches eine v\u00f6llig verschiedene Vorbereitung von einzelnen \u201dtraditionellen\u201dKonzerten erfordert. <br \/>\n Bei seinen Konzerten will er die Musik seinem Publikum nicht nur mit seinem Spiel, sonder auch durch die spannenden und bunten Geschichten der Musikgeschichte n\u00e4her zu bringen.<\/p>\n<p style=\"text-align: justify;\">Strauss hat unter anderem die so genannte Tanz Operette geschaffen, wo Tanzmusik-Szene die ganze Aktion enth\u00e4lt. Aus einer Reihenfolge von einfachen Tanz der Vorg\u00e4nger hat er eine h\u00f6here Form von Walzer entwickelt. Der Tanz flog aus seiner Musik genau wie ein Schmetterling oder wie die Sonnenscheine aus der unruhigen Landschaft. Strauss war ein junger brillanter K\u00fcnstler mit einer Energie und unersch\u00f6pfliche kreative T\u00f6ne, zu dessen F\u00fc\u00dfen die ganze Reichshauptstadt lag.<\/p>\n<p style=\"text-align: justify;\">Komm, Sie haben die Gelegenheit Strauss besser kennenzulernen!<\/p>\n<p style=\"text-align: justify;\">Einige Bilder von dem Ereignis.<\/p>\n<p style=\"text-align: justify;\">\u00a0<\/p>\n[\/et_pb_text][et_pb_gallery admin_label=&#8221;Gallery&#8221; gallery_ids=&#8221;6658,6625,6626,6627,6628,6629,6630,6631,6632,6633,6634,6635,6636,6637,6638,6639,6640,6641,6642,6643,6644,6645,6646,6647,6648,6649,6650,6651,6652,6653,6654,6655,6656,6657,6659,6660,6661,9815,9821,9827,9833,9857,9851,9845,9839,9863,9869,9875,9881,9887,9894,9900,9931,9925,9913,9937,9943,9949,9955,9961,9968,9974,9980,10004,9998,9992,9986,10010,10016,10022,10029,10035,10053,10059,10065,10071,10077,10083,10089,10095,10101,10126,10119,10113,10107,10132,10138,10144,10150,10168,10162,10156,10174&#8243; fullwidth=&#8221;off&#8221; posts_number=&#8221;20&#8243; show_title_and_caption=&#8221;off&#8221; show_pagination=&#8221;on&#8221; background_layout=&#8221;dark&#8221; auto=&#8221;off&#8221; caption_all_caps=&#8221;off&#8221; use_border_color=&#8221;on&#8221; border_color=&#8221;#fee290&#8243; border_style=&#8221;solid&#8221; hover_overlay_color=&#8221;rgba(254,226,144,0.43)&#8221;] <br \/>\n [\/et_pb_gallery][et_pb_button admin_label=&#8221;Button&#8221; url_new_window=&#8221;off&#8221; button_text=&#8221;Die \u00f6ffentliche Meinung \u00fcber das Konzert&#8221; button_alignment=&#8221;center&#8221; background_layout=&#8221;light&#8221; custom_button=&#8221;off&#8221; button_letter_spacing=&#8221;0&#8243; button_use_icon=&#8221;default&#8221; button_icon_placement=&#8221;right&#8221; button_on_hover=&#8221;on&#8221; button_letter_spacing_hover=&#8221;0&#8243; button_url=&#8221;http:\/\/thurzozoltan.com\/de\/strauss-vilaga-es-ami-mogotte-van-eloadoesttel-kapcsolatos-kozonsegvelemenyek\/&#8221;] <br \/>\n [\/et_pb_button][\/et_pb_column][\/et_pb_row][\/et_pb_section]\n","protected":false},"excerpt":{"rendered":"<p>\u201eWien ohne Strauss ist wie \u00d6sterreich ohne das Donau\u201d (Hector Berlioz)<\/p>\n","protected":false},"author":1,"featured_media":6646,"comment_status":"open","ping_status":"open","sticky":false,"template":"","format":"gallery","meta":{"footnotes":""},"categories":[105],"tags":[],"class_list":["post-6624","post","type-post","status-publish","format-gallery","has-post-thumbnail","hentry","category-foto-szervezoknek-de","post_format-post-format-gallery"],"_links":{"self":[{"href":"https:\/\/thurzozoltan.com\/de\/wp-json\/wp\/v2\/posts\/6624","targetHints":{"allow":["GET"]}}],"collection":[{"href":"https:\/\/thurzozoltan.com\/de\/wp-json\/wp\/v2\/posts"}],"about":[{"href":"https:\/\/thurzozoltan.com\/de\/wp-json\/wp\/v2\/types\/post"}],"author":[{"embeddable":true,"href":"https:\/\/thurzozoltan.com\/de\/wp-json\/wp\/v2\/users\/1"}],"replies":[{"embeddable":true,"href":"https:\/\/thurzozoltan.com\/de\/wp-json\/wp\/v2\/comments?post=6624"}],"version-history":[{"count":10,"href":"https:\/\/thurzozoltan.com\/de\/wp-json\/wp\/v2\/posts\/6624\/revisions"}],"predecessor-version":[{"id":10191,"href":"https:\/\/thurzozoltan.com\/de\/wp-json\/wp\/v2\/posts\/6624\/revisions\/10191"}],"wp:featuredmedia":[{"embeddable":true,"href":"https:\/\/thurzozoltan.com\/de\/wp-json\/wp\/v2\/media\/6646"}],"wp:attachment":[{"href":"https:\/\/thurzozoltan.com\/de\/wp-json\/wp\/v2\/media?parent=6624"}],"wp:term":[{"taxonomy":"category","embeddable":true,"href":"https:\/\/thurzozoltan.com\/de\/wp-json\/wp\/v2\/categories?post=6624"},{"taxonomy":"post_tag","embeddable":true,"href":"https:\/\/thurzozoltan.com\/de\/wp-json\/wp\/v2\/tags?post=6624"}],"curies":[{"name":"wp","href":"https:\/\/api.w.org\/{rel}","templated":true}]}}