{"id":6586,"date":"2016-05-20T08:59:01","date_gmt":"2016-05-20T08:59:01","guid":{"rendered":"http:\/\/thurzozoltan.com\/fr\/strauss-vilaga-es-ami-mogotte-van\/"},"modified":"2017-01-31T21:48:23","modified_gmt":"2017-01-31T21:48:23","slug":"strauss-vilaga-es-ami-mogotte-van","status":"publish","type":"post","link":"https:\/\/thurzozoltan.com\/fr\/strauss-vilaga-es-ami-mogotte-van\/","title":{"rendered":"&#8220;Le monde de Strauss\u2026et celles d\u2019aupr\u00e8s&#8221;"},"content":{"rendered":"[et_pb_section admin_label=&#8221;Section&#8221; fullwidth=&#8221;on&#8221; specialty=&#8221;off&#8221; transparent_background=&#8221;on&#8221; background_color=&#8221;#ffffff&#8221; allow_player_pause=&#8221;off&#8221; inner_shadow=&#8221;off&#8221; parallax=&#8221;off&#8221; parallax_method=&#8221;off&#8221; padding_mobile=&#8221;off&#8221; make_fullwidth=&#8221;off&#8221; use_custom_width=&#8221;off&#8221; width_unit=&#8221;on&#8221; make_equal=&#8221;off&#8221; use_custom_gutter=&#8221;off&#8221;][et_pb_fullwidth_post_title admin_label=&#8221;Fullwidth Post Title&#8221; title=&#8221;on&#8221; meta=&#8221;off&#8221; author=&#8221;on&#8221; date=&#8221;on&#8221; categories=&#8221;on&#8221; comments=&#8221;on&#8221; featured_image=&#8221;off&#8221; featured_placement=&#8221;below&#8221; parallax_effect=&#8221;on&#8221; parallax_method=&#8221;on&#8221; text_orientation=&#8221;center&#8221; text_color=&#8221;dark&#8221; text_background=&#8221;off&#8221; text_bg_color=&#8221;rgba(255,255,255,0.9)&#8221; module_bg_color=&#8221;rgba(255,255,255,0)&#8221; title_font_size=&#8221;36&#8243; title_font_size_tablet=&#8221;29&#8243; title_font_size_phone=&#8221;20&#8243; title_font_size_last_edited=&#8221;on|phone&#8221; title_text_color=&#8221;#fee29b&#8221; title_all_caps=&#8221;off&#8221; use_border_color=&#8221;off&#8221; border_color=&#8221;#ffffff&#8221; border_style=&#8221;solid&#8221;] <br \/>\n [\/et_pb_fullwidth_post_title][\/et_pb_section][et_pb_section admin_label=&#8221;section&#8221; transparent_background=&#8221;on&#8221; background_color=&#8221;#ffffff&#8221; allow_player_pause=&#8221;off&#8221; inner_shadow=&#8221;off&#8221; parallax=&#8221;off&#8221; parallax_method=&#8221;off&#8221; padding_mobile=&#8221;off&#8221; make_fullwidth=&#8221;off&#8221; use_custom_width=&#8221;off&#8221; width_unit=&#8221;on&#8221; make_equal=&#8221;off&#8221; use_custom_gutter=&#8221;off&#8221;][et_pb_row admin_label=&#8221;row&#8221;][et_pb_column type=&#8221;4_4&#8243;][et_pb_text admin_label=&#8221;Text&#8221; background_layout=&#8221;light&#8221; text_orientation=&#8221;right&#8221; use_border_color=&#8221;off&#8221; border_color=&#8221;#ffffff&#8221; border_style=&#8221;solid&#8221;]\n<p><a href=\"http:\/\/thurzozoltan.com\/fr\/fenykepek\/\">retour aux albums<\/a><\/p>\n[\/et_pb_text][et_pb_text admin_label=&#8221;Text&#8221; background_layout=&#8221;light&#8221; text_orientation=&#8221;left&#8221; use_border_color=&#8221;off&#8221; border_color=&#8221;#ffffff&#8221; border_style=&#8221;solid&#8221;]\n<p style=\"text-align: justify;\">Comme Vienne et aussi le vals aussi Vienne et la famille Strauss sont ins\u00e9parables l\u2019un de l\u2019autre.<\/p>\n<p style=\"text-align: justify;\">Je vous relate l\u2019histoire d\u2019un petit gar\u00e7on, qui \u00e0 l\u2019aide de la persistance, du travail et de sa vision, encore dans sa vie il mont dans un tr\u00f4ne imaginaire\u00a0!<\/p>\n<p style=\"text-align: justify;\">La musique est un langage-le langage qui peut \u00eatre utilis\u00e9 tr\u00e8s bien dans le monde d\u2019aujourd\u2019hui. Les bases du langage musical sont constitu\u00e9es par un ABC blanc-noir, et le m\u00eame instrumentaire bas\u00e9 sur 12 sons est utilis\u00e9 par chaque compositeur. Seulement la forme change dans laquelle apparait la musique par une circonstance individuelle de vie.\u00a0 On peut dire que le d\u00e9cor, les r\u00e9cits sont identiques, seulement les personnages changent en continuation.<\/p>\n<p style=\"text-align: justify;\">Cette production est un spectacle, qui diff\u00e8re des \u00e9v\u00e9nements musicaux habituels\u00a0 par le fait que le public peut \u00e9couter et savourer non seulement les \u0153uvres musicales concernant la \u00ab\u00a0th\u00e9matique\u00a0\u00bb habituelle.<\/p>\n<p style=\"text-align: justify;\">La vie de Johann Strauss Jr. Est tres int\u00e9ressante, mais ceux qui l\u2019a connaissent sont peu.<\/p>\n<p style=\"text-align: justify;\">Le pr\u00e9sentateur pr\u00e9sente la vie du respectif compositeur d\u2019une mani\u00e8re interactive, des diff\u00e9rentes choses int\u00e9ressantes sur les circonstances de la naissance des \u0153uvres qui r\u00e9sonneront, en ajoutant une nuance suppl\u00e9mentaire au spectacle \u00e0 l\u2019aide des faits historiques, par la pr\u00e9sentation du monde des salons contemporaines, avec la pr\u00e9sentation de l\u2019\u00e9poque associ\u00e9e, des r\u00e9cits contemporains, des parall\u00e9lismes historiques, mais aussi par les calomnies le concernant. Souvent il implique son public de mani\u00e8re organique aussi dans le discours du spectacle,\u00a0 qui toujours produit une bonne disposition de ceux pr\u00e9sents.<\/p>\n<p style=\"text-align: justify;\">Thurz\u00f3 Zolt\u00e1n a cr\u00e9e un nouveau genre, qui est devenu son embl\u00e8me.\u00a0Naturellement que,\u00a0 cela est un plus qui n\u00e9cessite de la pr\u00e9paration en totalit\u00e9 diff\u00e9rente par rapport aux concerts individuels \u00ab\u00a0traditionnels\u00a0\u00bb.<\/p>\n<p style=\"text-align: justify;\">A ses concerts il d\u00e9sire apporter \u00e0 son public plus proche de la musique non seulement par son jeu mais aussi par les r\u00e9cits captivants et color\u00e9s de l\u2019histoire de la musique.<\/p>\n<p style=\"text-align: justify;\">Strauss entre autres a cr\u00e9\u00e9 le soi-disant l\u2019op\u00e9rette de danse, ou la musique de danse contient toute l\u2019action de la sc\u00e8ne. D\u2019une s\u00e9rie de danse simple de ses pr\u00e9d\u00e9cesseurs, il a d\u00e9velopp\u00e9 une forme sup\u00e9rieure de valse. De sa musique comme un papillon a vol\u00e9 la danse, comme les lumi\u00e8res du soleil d\u2019un beau paysage. Strauss a\u00a0 \u00e9t\u00e9 un jeune artiste g\u00e9niale, avec une \u00e9nergie in\u00e9puisable et un ton cr\u00e9atif aux pieds duquel se trouve toute la capitale imp\u00e9riale.<\/p>\n<p style=\"text-align: justify;\">Allez, faites connaissance plus proche avec Johann Strauss Jr.\u00a0!<\/p>\n<p style=\"text-align: justify;\">Quelques photos sur l\u2019\u00e9v\u00e9nement.<\/p>\n<p style=\"text-align: justify;\">\u00a0<\/p>\n[\/et_pb_text][et_pb_gallery admin_label=&#8221;Gallery&#8221; gallery_ids=&#8221;6620,6587,6588,6589,6590,6591,6592,6593,6594,6595,6596,6597,6598,6599,6600,6601,6602,6603,6604,6605,6606,6607,6608,6609,6610,6611,6612,6613,6614,6615,6616,6617,6618,6619,6621,6622,6623,9814,9820,9826,9832,9856,9850,9844,9838,9862,9868,9874,9880,9886,9893,9899,9912,9924,9930,9954,9948,9942,9936,9960,9967,9973,9979,9985,9991,9997,10003,10028,10021,10015,10009,10034,10040,10052,10076,10070,10064,10058,10082,10088,10094,10100,10125,10118,10112,10106,10131,10137,10143,10149,10167,10161,10155,10173&#8243; fullwidth=&#8221;off&#8221; posts_number=&#8221;20&#8243; show_title_and_caption=&#8221;off&#8221; show_pagination=&#8221;on&#8221; background_layout=&#8221;dark&#8221; auto=&#8221;off&#8221; caption_all_caps=&#8221;off&#8221; use_border_color=&#8221;on&#8221; border_color=&#8221;#fee290&#8243; border_style=&#8221;solid&#8221; hover_overlay_color=&#8221;rgba(254,226,144,0.43)&#8221;] <br \/>\n [\/et_pb_gallery][et_pb_button admin_label=&#8221;Button&#8221; url_new_window=&#8221;off&#8221; button_text=&#8221;L\u2019Opinion du public sur le concert&#8221; button_alignment=&#8221;center&#8221; background_layout=&#8221;light&#8221; custom_button=&#8221;off&#8221; button_letter_spacing=&#8221;0&#8243; button_use_icon=&#8221;default&#8221; button_icon_placement=&#8221;right&#8221; button_on_hover=&#8221;on&#8221; button_letter_spacing_hover=&#8221;0&#8243; button_url=&#8221;http:\/\/thurzozoltan.com\/fr\/strauss-vilaga-es-ami-mogotte-van-eloadoesttel-kapcsolatos-kozonsegvelemenyek\/&#8221;] <br \/>\n [\/et_pb_button][\/et_pb_column][\/et_pb_row][\/et_pb_section]\n","protected":false},"excerpt":{"rendered":"<p> \u00ab Vienne sans Strauss est comme Autriche sans Danube \u00bb (Hector Berlioz)<\/p>\n","protected":false},"author":1,"featured_media":6608,"comment_status":"open","ping_status":"open","sticky":false,"template":"","format":"gallery","meta":{"footnotes":""},"categories":[104],"tags":[],"class_list":["post-6586","post","type-post","status-publish","format-gallery","has-post-thumbnail","hentry","category-foto-szervezoknek-fr","post_format-post-format-gallery"],"_links":{"self":[{"href":"https:\/\/thurzozoltan.com\/fr\/wp-json\/wp\/v2\/posts\/6586","targetHints":{"allow":["GET"]}}],"collection":[{"href":"https:\/\/thurzozoltan.com\/fr\/wp-json\/wp\/v2\/posts"}],"about":[{"href":"https:\/\/thurzozoltan.com\/fr\/wp-json\/wp\/v2\/types\/post"}],"author":[{"embeddable":true,"href":"https:\/\/thurzozoltan.com\/fr\/wp-json\/wp\/v2\/users\/1"}],"replies":[{"embeddable":true,"href":"https:\/\/thurzozoltan.com\/fr\/wp-json\/wp\/v2\/comments?post=6586"}],"version-history":[{"count":12,"href":"https:\/\/thurzozoltan.com\/fr\/wp-json\/wp\/v2\/posts\/6586\/revisions"}],"predecessor-version":[{"id":10188,"href":"https:\/\/thurzozoltan.com\/fr\/wp-json\/wp\/v2\/posts\/6586\/revisions\/10188"}],"wp:featuredmedia":[{"embeddable":true,"href":"https:\/\/thurzozoltan.com\/fr\/wp-json\/wp\/v2\/media\/6608"}],"wp:attachment":[{"href":"https:\/\/thurzozoltan.com\/fr\/wp-json\/wp\/v2\/media?parent=6586"}],"wp:term":[{"taxonomy":"category","embeddable":true,"href":"https:\/\/thurzozoltan.com\/fr\/wp-json\/wp\/v2\/categories?post=6586"},{"taxonomy":"post_tag","embeddable":true,"href":"https:\/\/thurzozoltan.com\/fr\/wp-json\/wp\/v2\/tags?post=6586"}],"curies":[{"name":"wp","href":"https:\/\/api.w.org\/{rel}","templated":true}]}}