{"id":7149,"date":"2016-08-08T12:43:32","date_gmt":"2016-08-08T12:43:32","guid":{"rendered":"http:\/\/thurzozoltan.com\/fr\/michael-haydn-patachich-adam-puspok-komponistaja\/"},"modified":"2016-10-26T13:39:53","modified_gmt":"2016-10-26T13:39:53","slug":"michael-haydn-patachich-adam-puspok-komponistaja","status":"publish","type":"post","link":"https:\/\/thurzozoltan.com\/fr\/michael-haydn-patachich-adam-puspok-komponistaja\/","title":{"rendered":"Michael Haydn \u2013 le compositeur de l\u2019\u00e9v\u00eaque  Patachich \u00c1d\u00e1m"},"content":{"rendered":"[et_pb_section admin_label=&#8221;Section&#8221; fullwidth=&#8221;on&#8221; specialty=&#8221;off&#8221; transparent_background=&#8221;on&#8221; background_color=&#8221;#ffffff&#8221; allow_player_pause=&#8221;off&#8221; inner_shadow=&#8221;off&#8221; parallax=&#8221;off&#8221; parallax_method=&#8221;off&#8221; padding_mobile=&#8221;off&#8221; make_fullwidth=&#8221;off&#8221; use_custom_width=&#8221;off&#8221; width_unit=&#8221;on&#8221; make_equal=&#8221;off&#8221; use_custom_gutter=&#8221;off&#8221;][et_pb_fullwidth_post_title admin_label=&#8221;Fullwidth Post Title&#8221; title=&#8221;on&#8221; meta=&#8221;off&#8221; author=&#8221;on&#8221; date=&#8221;on&#8221; categories=&#8221;on&#8221; comments=&#8221;on&#8221; featured_image=&#8221;off&#8221; featured_placement=&#8221;below&#8221; parallax_effect=&#8221;on&#8221; parallax_method=&#8221;on&#8221; text_orientation=&#8221;center&#8221; text_color=&#8221;dark&#8221; text_background=&#8221;off&#8221; text_bg_color=&#8221;rgba(255,255,255,0.9)&#8221; module_bg_color=&#8221;rgba(255,255,255,0)&#8221; title_font_size=&#8221;36&#8243; title_font_size_tablet=&#8221;29&#8243; title_font_size_phone=&#8221;20&#8243; title_font_size_last_edited=&#8221;on|phone&#8221; title_text_color=&#8221;#fee29b&#8221; title_all_caps=&#8221;off&#8221; use_border_color=&#8221;off&#8221; border_color=&#8221;#ffffff&#8221; border_style=&#8221;solid&#8221;] [\/et_pb_fullwidth_post_title][\/et_pb_section][et_pb_section admin_label=&#8221;section&#8221; transparent_background=&#8221;on&#8221; background_color=&#8221;#ffffff&#8221; allow_player_pause=&#8221;off&#8221; inner_shadow=&#8221;off&#8221; parallax=&#8221;off&#8221; parallax_method=&#8221;off&#8221; padding_mobile=&#8221;off&#8221; make_fullwidth=&#8221;off&#8221; use_custom_width=&#8221;off&#8221; width_unit=&#8221;on&#8221; make_equal=&#8221;off&#8221; use_custom_gutter=&#8221;off&#8221;][et_pb_row admin_label=&#8221;row&#8221;][et_pb_column type=&#8221;4_4&#8243;][et_pb_text admin_label=&#8221;Text&#8221; background_layout=&#8221;light&#8221; text_orientation=&#8221;justified&#8221; use_border_color=&#8221;off&#8221; border_color=&#8221;#ffffff&#8221; border_style=&#8221;solid&#8221;]\n<p><img loading=\"lazy\" decoding=\"async\" class=\"size-medium wp-image-6186 alignleft\" src=\"http:\/\/thurzozoltan.com\/wp-content\/uploads\/2016\/08\/Michael-Haydn-197x300.jpg\" alt=\"Michael Haydn\" width=\"197\" height=\"300\" srcset=\"https:\/\/thurzozoltan.com\/wp-content\/uploads\/2016\/08\/Michael-Haydn-197x300.jpg 197w, https:\/\/thurzozoltan.com\/wp-content\/uploads\/2016\/08\/Michael-Haydn.jpg 230w\" sizes=\"auto, (max-width: 197px) 100vw, 197px\" \/>Michael Haudn (le cadet de Joseph Haydn) est n\u00e9 au village Rohrau, en Autriche Inferieure en 1737.<\/p>\n<p>Sa m\u00e8re (Maria Koller) a travaill\u00e9 comme cuisini\u00e8re chez une famille noble riche, apr\u00e8s elle s\u2019est mari\u00e9e avec Mathias Haydn.<\/p>\n<p>Son p\u00e8re M. Haydn a \u00e9t\u00e9 un simple tonnelier pauvre,\u00a0 mais aussi musicien amateur enthousiaste\u00a0: il a appris \u00e0 jouer la harpe de mani\u00e8re autodidactique et il enseigne les fils \u00e0 jouer.<\/p>\n<p>La carri\u00e8re musicale des deux fr\u00e8res a d\u00e9marr\u00e9 tout \u00e0 coup.<\/p>\n<p>M. Haydn toute sa vie a \u00e9t\u00e9 un grand admirateur de la musique,\u00a0 lorsqu\u2019il avait la possibilit\u00e9 il n\u2019a pas \u00e9vit\u00e9 jour de la harpe pr\u00e9f\u00e9r\u00e9e. Dans la grande famille a \u00e9t\u00e9 presqu\u2019une \u00ab\u00a0obligation\u00a0\u00bb la musique.\u00a0 Dans sa grande famille qui vivait dans des conditions\u00a0 difficiles on n\u2019a pas pu donner \u00e0 chaque enfant un instrument musical, c\u2019est pour \u00e7a que le p\u00e8re qui aimait la musique a impos\u00e9 que chaque enfant participe \u00e0 la chanson de la maison, au moins une chanson. Le jeune Haydn\u00a0 devait vaincre nombreux obstacles pour acc\u00e9der \u00e0 l\u2019\u00e9ducation r\u00e9guli\u00e8re de musique,\u00a0 et qu\u2019on lui ouvre le chemin pour se d\u00e9rouiller.<\/p>\n<p>Pour le jeune artiste,\u00a0 qui apr\u00e8s un temps est devenu renomm\u00e9 dans tout le monde,\u00a0 a eu la grande chance que Patachich lui a demand\u00e9\u00a0 devenir le conducteur de son orchestre\/\u00a0 a cette \u00e9poque cela signifi\u00e9 aussi que le chef d\u2019orchestre \u2013compositeur avait la possibilit\u00e9 de vivre ses ambitions de compositeur.<\/p>\n<p><strong>La culture musicale d\u2019Oradea<\/strong><\/p>\n<p>L\u2019\u00e9v\u00eaque Patachich \u00e0 l\u2019arriv\u00e9e dans la ville avec M. Haydn (1760, et non 1757,\u00a0 comme plusieurs connaissent que M. Haydn est arriv\u00e9),\u00a0 donne en charge de Haydn l\u2019organisation de son orchestre d\u2019Oradea. Haydn,\u00a0 qui avait 23 ans, en peu temps a organis\u00e9 l\u2019orchestre et le ch\u0153ur \u00e9piscopal, il a \u00e9tendu l\u2019ensemble de chambre qui fonctionnait jusqu&#8217;\u00e0 pr\u00e9sent. Avec le renomm\u00e9 compositeur-chef d\u2019orchestre sont arriv\u00e9es en Oradea aussi trois de ses amis musiciens, quant il a abandonn\u00e9 aussi Vienne\u00a0: un violoniste, un clarinettiste et un qui jouer le bugle. Son but \u00e9tait de fortifier l\u2019orchestre avec ces musiciens. Il a commenc\u00e9 le grand travail d\u2019accomplir la constitution de l\u2019orchestre d\u2019Oradea\u2026<\/p>\n<p><img loading=\"lazy\" decoding=\"async\" class=\" wp-image-6229 alignright\" src=\"http:\/\/thurzozoltan.com\/wp-content\/uploads\/2016\/08\/P\u00fcsp\u00f6ki-Palota-300x218.jpg\" alt=\"P\u00fcsp\u00f6ki Palota\" width=\"343\" height=\"249\" srcset=\"https:\/\/thurzozoltan.com\/wp-content\/uploads\/2016\/08\/P\u00fcsp\u00f6ki-Palota-300x218.jpg 300w, https:\/\/thurzozoltan.com\/wp-content\/uploads\/2016\/08\/P\u00fcsp\u00f6ki-Palota-768x559.jpg 768w, https:\/\/thurzozoltan.com\/wp-content\/uploads\/2016\/08\/P\u00fcsp\u00f6ki-Palota-1024x745.jpg 1024w, https:\/\/thurzozoltan.com\/wp-content\/uploads\/2016\/08\/P\u00fcsp\u00f6ki-Palota.jpg 1056w\" sizes=\"auto, (max-width: 343px) 100vw, 343px\" \/>Le compositeur- chef d\u2019orchestre qui a laiss\u00e9 comme h\u00e9ritage 52 symphonies, des pi\u00e8ces de concert avec le caract\u00e8re de pionnier, 136 \u0153uvres en instruments- et plusieurs autres \u0153uvres-\u00a0 desquelles plusieurs ont \u00e9t\u00e9 pr\u00e9sent\u00e9 en Oradea, au Palais Episcopal (qui \u00e9tait au lieu de la Mairie du pr\u00e9sent, dont l\u2019aile droite existe encore,\u00a0 dans le direct voisinage de la tour construite aux buts de pr\u00e9vention des incendies. Malheureusement celui-ci a \u00e9t\u00e9 laid, on a offens\u00e9 de mani\u00e8re laide le renom du monument historique), dans la salle de c\u00e9r\u00e9monies de celui-ci comme premi\u00e8re (\u00a0!), il a compos\u00e9 des \u0153uvres eccl\u00e9siastiques assez importantes. (il faut pas oublier que,\u00a0 l\u2019une de ses taches a \u00e9t\u00e9 m\u00eame la composition, l\u2019enseignement et la pr\u00e9sentation des pi\u00e8ces musicales de ce type)<\/p>\n<p>Quant M. Haydn est venu en Oradea, dans son contrat, conforme aux coutumes de la p\u00e9riode respective,\u00a0 il a contenu qu\u2019il devait \u00e9lever le niveau de la liturgie, le renom, le splendeur de la cour de l\u2019\u00e9poque aussi avec des \u0153uvres originales<\/p>\n<p><strong>La composition<\/strong><\/p>\n<p>Haydn a compos\u00e9 les liturgies allemandes et latines. Aupr\u00e8s de Requiem et les ses Chansons les motifs en style hongrois de sa liturgie en A- dure qui est si populaire dans la musique catholique hongroise ont \u00e9t\u00e9 compos\u00e9e pendant l\u2019op\u00e9ration en Oradea. (!)<\/p>\n<p>Entre les pi\u00e8ces compos\u00e9es dans la cour de Patachich il faut mentionner A- dure Missa solennit\u00e9, deux symphonies et le concert B- dure\u00a0 \u00e9crit premi\u00e8rement pour le violon et orchestre, respectivement le concert compos\u00e9 pour l\u2019organe et\u00a0 violon.<\/p>\n<p>M. Haydn en partant dans son chemin propre a d\u00e9velopp\u00e9 le style propre de compositeur, qui, pendant l\u2019expansion\u00a0 presque absolue de la musique baroque, il avait le courage de s\u2019opposer aux r\u00e8gles qui gouvernaient comme loi. Ses \u0153uvres sont caract\u00e9ris\u00e9es par l\u2019audace et modernit\u00e9 tant de point de vu du son, mais aussi pour les crit\u00e8res techniques. Ses pi\u00e8ces comprennent des forces dramatiques qui sont rarement trouv\u00e9s dans la litt\u00e9rature musicale de cette \u00e9poque la. Le contenu interne, la r\u00e9sonance et le texte musical avec des changements de situation\u00a0 refl\u00e8te l\u2019\u0153uvre d\u2019un auteur\u00a0 musical moderne et contemporain.<\/p>\n<p><strong>La personnalit\u00e9 remarquable<\/strong><\/p>\n<p>Il est \u00e9tonnant que le monde attire l\u2019attention du monde\u00a0? Non\u00a0!<\/p>\n<p>Michale Haydn abandonne Oradea en 1762 (non en 1763,\u00a0 comme affirme plusieurs, en ignorant les donnes exactes),\u00a0 apr\u00e8s qu\u2019il participe avec son orchestre exceptionnelle \u00e0 l\u2019\u00e9v\u00e9nement de\u00a0 poser la pierre de la fondation du nouveau palais\u00a0 \u00e9piscopal monumental projet\u00e9 par Hillebrandt, organis\u00e9 dans la tente en air libre.<\/p>\n<p>Le n\u00e9crologue d\u2019une fois rapporte sur le fait que \u00ab\u00a0\u2026. L\u2019orchestre de l\u2019\u00e9v\u00eaque a chante la pi\u00e8ce musicale \u00e9crite sp\u00e9cialement pour cet \u00e9v\u00e9nement\u2026\u00a0\u00bb. Probablement que cette pi\u00e8ce a \u00e9t\u00e9 compos\u00e9e et dirig\u00e9e encore par Haydn.<\/p>\n<p>Apr\u00e8s celui-ci il a voyag\u00e9 en Salzburg- en suivant s\u2019\u00e9tablit ici jusqu&#8217;\u00e0 la fin de sa vie- qui a \u00e9t\u00e9 l\u2019une des capitales de la musique de L\u2019Europe contemporaine.\u00a0 Il fait des pas apr\u00e8s Leopold Mozart comme aussi l\u2019organiste du Monsieur, mais plus que cela,\u00a0 il est maitre de concerts, chef d\u2019orchestre dans le cadre de l\u2019orchestre de la cour, ses \u0153uvres sont pr\u00e9sent\u00e9es dans tout le monde. Sa musique vit sa renaissance de nos jours.<\/p>\n<p>On peut \u00eatre orgueilleux\u00a0 de cette personne remarquable m\u00eame ici, en Oradea qui a re\u00e7u la plus durable provision.<\/p>\n<p>Il faut ajouter que, probablement il peut satisfaire une grande partie de toute son arme musicale m\u00eame aux exp\u00e9riences obtenues en Oradea.<\/p>\n[\/et_pb_text][et_pb_divider admin_label=&#8221;Divider&#8221; color=&#8221;#ffffff&#8221; show_divider=&#8221;off&#8221; height=&#8221;40&#8243; divider_style=&#8221;solid&#8221; divider_position=&#8221;top&#8221; hide_on_mobile=&#8221;on&#8221;] [\/et_pb_divider][et_pb_button admin_label=&#8221;Button&#8221; button_url=&#8221;http:\/\/thurzozoltan.com\/wp-content\/uploads\/2016\/04\/bihari-naplo-cikk-3.pdf&#8221; url_new_window=&#8221;on&#8221; button_text=&#8221;T\u00e9l\u00e9charger en PDF&#8221; button_alignment=&#8221;right&#8221; background_layout=&#8221;light&#8221; custom_button=&#8221;on&#8221; button_letter_spacing=&#8221;0&#8243; button_use_icon=&#8221;default&#8221; button_icon=&#8221;%%65%%&#8221; button_icon_placement=&#8221;right&#8221; button_on_hover=&#8221;on&#8221; button_letter_spacing_hover=&#8221;0&#8243;] [\/et_pb_button][\/et_pb_column][\/et_pb_row][\/et_pb_section]\n","protected":false},"excerpt":{"rendered":"<p>[et_pb_section admin_label=&#8221;Section&#8221; fullwidth=&#8221;on&#8221; specialty=&#8221;off&#8221; transparent_background=&#8221;on&#8221; background_color=&#8221;#ffffff&#8221; allow_player_pause=&#8221;off&#8221; inner_shadow=&#8221;off&#8221; parallax=&#8221;off&#8221; parallax_method=&#8221;off&#8221; padding_mobile=&#8221;off&#8221; make_fullwidth=&#8221;off&#8221; use_custom_width=&#8221;off&#8221; width_unit=&#8221;on&#8221; make_equal=&#8221;off&#8221; use_custom_gutter=&#8221;off&#8221;][et_pb_fullwidth_post_title admin_label=&#8221;Fullwidth Post Title&#8221; title=&#8221;on&#8221; meta=&#8221;off&#8221; author=&#8221;on&#8221; date=&#8221;on&#8221; categories=&#8221;on&#8221; comments=&#8221;on&#8221; featured_image=&#8221;off&#8221; featured_placement=&#8221;below&#8221; parallax_effect=&#8221;on&#8221; parallax_method=&#8221;on&#8221; text_orientation=&#8221;center&#8221; text_color=&#8221;dark&#8221; text_background=&#8221;off&#8221; text_bg_color=&#8221;rgba(255,255,255,0.9)&#8221; module_bg_color=&#8221;rgba(255,255,255,0)&#8221; title_font_size=&#8221;36&#8243; title_font_size_tablet=&#8221;29&#8243; title_font_size_phone=&#8221;20&#8243; title_font_size_last_edited=&#8221;on|phone&#8221; title_text_color=&#8221;#fee29b&#8221; title_all_caps=&#8221;off&#8221; use_border_color=&#8221;off&#8221; border_color=&#8221;#ffffff&#8221; border_style=&#8221;solid&#8221;] [\/et_pb_fullwidth_post_title][\/et_pb_section][et_pb_section admin_label=&#8221;section&#8221; transparent_background=&#8221;on&#8221; background_color=&#8221;#ffffff&#8221; allow_player_pause=&#8221;off&#8221; inner_shadow=&#8221;off&#8221; parallax=&#8221;off&#8221; parallax_method=&#8221;off&#8221; padding_mobile=&#8221;off&#8221; make_fullwidth=&#8221;off&#8221; use_custom_width=&#8221;off&#8221; width_unit=&#8221;on&#8221; [&hellip;]<\/p>\n","protected":false},"author":1,"featured_media":0,"comment_status":"open","ping_status":"open","sticky":false,"template":"","format":"standard","meta":{"footnotes":""},"categories":[111],"tags":[],"class_list":["post-7149","post","type-post","status-publish","format-standard","hentry","category-irasaim-fr"],"_links":{"self":[{"href":"https:\/\/thurzozoltan.com\/fr\/wp-json\/wp\/v2\/posts\/7149","targetHints":{"allow":["GET"]}}],"collection":[{"href":"https:\/\/thurzozoltan.com\/fr\/wp-json\/wp\/v2\/posts"}],"about":[{"href":"https:\/\/thurzozoltan.com\/fr\/wp-json\/wp\/v2\/types\/post"}],"author":[{"embeddable":true,"href":"https:\/\/thurzozoltan.com\/fr\/wp-json\/wp\/v2\/users\/1"}],"replies":[{"embeddable":true,"href":"https:\/\/thurzozoltan.com\/fr\/wp-json\/wp\/v2\/comments?post=7149"}],"version-history":[{"count":3,"href":"https:\/\/thurzozoltan.com\/fr\/wp-json\/wp\/v2\/posts\/7149\/revisions"}],"predecessor-version":[{"id":9469,"href":"https:\/\/thurzozoltan.com\/fr\/wp-json\/wp\/v2\/posts\/7149\/revisions\/9469"}],"wp:attachment":[{"href":"https:\/\/thurzozoltan.com\/fr\/wp-json\/wp\/v2\/media?parent=7149"}],"wp:term":[{"taxonomy":"category","embeddable":true,"href":"https:\/\/thurzozoltan.com\/fr\/wp-json\/wp\/v2\/categories?post=7149"},{"taxonomy":"post_tag","embeddable":true,"href":"https:\/\/thurzozoltan.com\/fr\/wp-json\/wp\/v2\/tags?post=7149"}],"curies":[{"name":"wp","href":"https:\/\/api.w.org\/{rel}","templated":true}]}}