{"id":7152,"date":"2016-08-08T12:45:00","date_gmt":"2016-08-08T12:45:00","guid":{"rendered":"http:\/\/thurzozoltan.com\/fr\/dittersdorf-fontos-szerepe-a-varadi-klasszikus-zene-fejlodeseben\/"},"modified":"2016-10-26T13:39:58","modified_gmt":"2016-10-26T13:39:58","slug":"dittersdorf-fontos-szerepe-a-varadi-klasszikus-zene-fejlodeseben","status":"publish","type":"post","link":"https:\/\/thurzozoltan.com\/fr\/dittersdorf-fontos-szerepe-a-varadi-klasszikus-zene-fejlodeseben\/","title":{"rendered":"Le r\u00f4le important de Dittiersdorf dans l\u2019\u00e9volution de la musique classique d\u2019Oradea"},"content":{"rendered":"[et_pb_section admin_label=&#8221;Section&#8221; fullwidth=&#8221;on&#8221; specialty=&#8221;off&#8221; transparent_background=&#8221;on&#8221; background_color=&#8221;#ffffff&#8221; allow_player_pause=&#8221;off&#8221; inner_shadow=&#8221;off&#8221; parallax=&#8221;off&#8221; parallax_method=&#8221;off&#8221; padding_mobile=&#8221;off&#8221; make_fullwidth=&#8221;off&#8221; use_custom_width=&#8221;off&#8221; width_unit=&#8221;on&#8221; make_equal=&#8221;off&#8221; use_custom_gutter=&#8221;off&#8221;][et_pb_fullwidth_post_title admin_label=&#8221;Fullwidth Post Title&#8221; title=&#8221;on&#8221; meta=&#8221;off&#8221; author=&#8221;on&#8221; date=&#8221;on&#8221; categories=&#8221;on&#8221; comments=&#8221;on&#8221; featured_image=&#8221;off&#8221; featured_placement=&#8221;below&#8221; parallax_effect=&#8221;on&#8221; parallax_method=&#8221;on&#8221; text_orientation=&#8221;center&#8221; text_color=&#8221;dark&#8221; text_background=&#8221;off&#8221; text_bg_color=&#8221;rgba(255,255,255,0.9)&#8221; module_bg_color=&#8221;rgba(255,255,255,0)&#8221; title_font_size=&#8221;36&#8243; title_font_size_tablet=&#8221;29&#8243; title_font_size_phone=&#8221;20&#8243; title_font_size_last_edited=&#8221;on|phone&#8221; title_text_color=&#8221;#fee29b&#8221; title_all_caps=&#8221;off&#8221; use_border_color=&#8221;off&#8221; border_color=&#8221;#ffffff&#8221; border_style=&#8221;solid&#8221;] [\/et_pb_fullwidth_post_title][\/et_pb_section][et_pb_section admin_label=&#8221;section&#8221; transparent_background=&#8221;on&#8221; background_color=&#8221;#ffffff&#8221; allow_player_pause=&#8221;off&#8221; inner_shadow=&#8221;off&#8221; parallax=&#8221;off&#8221; parallax_method=&#8221;off&#8221; padding_mobile=&#8221;off&#8221; make_fullwidth=&#8221;off&#8221; use_custom_width=&#8221;off&#8221; width_unit=&#8221;on&#8221; make_equal=&#8221;off&#8221; use_custom_gutter=&#8221;off&#8221;][et_pb_row admin_label=&#8221;row&#8221;][et_pb_column type=&#8221;4_4&#8243;][et_pb_text admin_label=&#8221;Text&#8221; background_layout=&#8221;light&#8221; text_orientation=&#8221;justified&#8221; use_border_color=&#8221;off&#8221; border_color=&#8221;#ffffff&#8221; border_style=&#8221;solid&#8221;]\n<p>Karl Ditters von Dittersdorf est n\u00e9 en Vienne en 1739 avec le nom August Carl Ditters. ( il a obtenu le titre de noble en 1773 et de ce moment l\u00e0 en s\u2019attachant au nom avec la formule \u00ab\u00a0von Dittersdorf\u00a0\u00bb).<\/p>\n<p>Apr\u00e8s la partie de Michael Haydn d\u2019Oradea en Salzburg en 1762 l\u2019orchestre de l\u2019eveque Patachich a rest\u00e9 sans conducteur pour deux ans. Au d\u00e9but de l\u2019ann\u00e9e 1764 Parachich a voyag\u00e9 en Vienne, o\u00f9 il a r\u00e9ussi embaucher le premier- violoniste et le chef d\u2019orchestre de l\u2019orchestre de la reine Maria Terezia. M\u00eame Patachich a \u00e9t\u00e9 l\u2019admirateur de la musique classique, il ne ressemble pas qu\u2019il\u00a0 a \u00e9t\u00e9 aussi un bon dipl\u00f4m\u00e2t, parce que la reine Maria Terezia jamais a pardonn\u00e9 \u00e0 l\u2019\u00e9v\u00eaque cher qu\u2019il a attir\u00e9 son chef d\u2019orchestre.<\/p>\n<p>L\u2019\u00e9v\u00eaque a admir\u00e9 tant le jeu de violon du jeune violoniste qu\u2019il imm\u00e9diatement lui a confi\u00e9 la conduction de l\u2019orchestre, respectivement avec la tache d\u2019\u00e9tendre le num\u00e9ro des musiciens,\u00a0 avec si d\u2019artistes viennois et de Prague qu\u2019il a besoin.<\/p>\n<p>Dittesdorf a choisi des musiciens exceptionnels d\u00e9j\u00e0 avant de partir de Vienne vers Oradea.Entre eux il y avait des artistes dont le nom plus tard est devenu connus dans tout le monde.\u00a0 On a apport\u00e9 comme ma\u00eetre de concert \u00e0 Wenzel Pichl, le compositeur viennois d\u2019origine tch\u00e8que qui tait aussi bon ami.<\/p>\n<p><img loading=\"lazy\" decoding=\"async\" class=\"size-medium wp-image-6191 alignright\" src=\"http:\/\/thurzozoltan.com\/wp-content\/uploads\/2016\/08\/Dittersdorf-217x300.jpg\" alt=\"Dittersdorf\" width=\"217\" height=\"300\" srcset=\"https:\/\/thurzozoltan.com\/wp-content\/uploads\/2016\/08\/Dittersdorf-217x300.jpg 217w, https:\/\/thurzozoltan.com\/wp-content\/uploads\/2016\/08\/Dittersdorf.jpg 300w\" sizes=\"auto, (max-width: 217px) 100vw, 217px\" \/>Dittersdorf (comme aussi Wenzel Pichl) sont arriv\u00e9s en Oradea le 1 avril, 1764. C\u2019est une erreur g\u00e9n\u00e9rale que les deux sont arriv\u00e9s en Oradea en 1765.\u00a0 Malheureusement il y a des personnes qui ne pas ayant en vue les donn\u00e9es historiques exactes, pr\u00e9sentent de mani\u00e8re erron\u00e9e la date de l\u2019arriv\u00e9 de Dittersdorf et Wenzel en Oradea,\u00a0 et par cette inexactitude, malheureusement, on donne-on prend l\u2019information erron\u00e9e l\u2019un de l\u2019autre.<\/p>\n<p>Avant de passer \u00e0 pr\u00e9sent la p\u00e9riode pass\u00e9e par Dettersdorf en Oradea (qui se r\u00e9f\u00e8re aussi \u00e0 M. Haydn),\u00a0 il faut pr\u00e9ciser le lieu o\u00f9 ils ont d\u00e9velopp\u00e9 son activit\u00e9.<\/p>\n<p>Il est important de r\u00e9fl\u00e9chir sur cette situation du fait que plusieurs fois on retrouve des r\u00e9f\u00e9renc\u00e9s en ce sens. L\u2019explication de cette situation se retrouve dans le fait que tr\u00e8s beaucoup consid\u00e8rent que Haydn, Dittersdorf et Pichl\u00a0 ont d\u00e9velopp\u00e9es l\u2019activit\u00e9 dans la pr\u00e9sente Cath\u00e9drale Romano-Catholique, l\u2019id\u00e9e est attractive, mais la v\u00e9rit\u00e9 est autre\u00a0!<\/p>\n<p><strong>Ils ont chant\u00e9 o\u00f9\u00a0?<\/strong><\/p>\n<p><strong><img loading=\"lazy\" decoding=\"async\" class=\" wp-image-6229 alignleft\" src=\"http:\/\/thurzozoltan.com\/wp-content\/uploads\/2016\/08\/P\u00fcsp\u00f6ki-Palota-300x218.jpg\" alt=\"P\u00fcsp\u00f6ki Palota\" width=\"376\" height=\"273\" srcset=\"https:\/\/thurzozoltan.com\/wp-content\/uploads\/2016\/08\/P\u00fcsp\u00f6ki-Palota-300x218.jpg 300w, https:\/\/thurzozoltan.com\/wp-content\/uploads\/2016\/08\/P\u00fcsp\u00f6ki-Palota-768x559.jpg 768w, https:\/\/thurzozoltan.com\/wp-content\/uploads\/2016\/08\/P\u00fcsp\u00f6ki-Palota-1024x745.jpg 1024w, https:\/\/thurzozoltan.com\/wp-content\/uploads\/2016\/08\/P\u00fcsp\u00f6ki-Palota.jpg 1056w\" sizes=\"auto, (max-width: 376px) 100vw, 376px\" \/><\/strong>Pour d\u00e9montrer (aussi mon grand-p\u00e8re comme le d\u00e9couvreur des donnes correctes il a essay\u00e9 d\u2019offrir les donnes authentiques de tous) le fait que les suppositions erron\u00e9es \u00ab\u00a0 ne peuvent pas \u00eatre soutenus\u00a0\u00bb, il faut mentionner qu\u2019en 1752 on a commenc\u00e9 la construction de la Cath\u00e9drale Romano-Catholique et elle a \u00e9t\u00e9 fini en 1779.\u00a0 De m\u00eame, il est certain qu\u2019elle a \u00e9t\u00e9 ouverte pour les fideles et le public, respectivement aussi l\u2019organe a \u00e9t\u00e9 pris en usage, mais la cons\u00e9cration officielle a eu lieu uniquement en 1780.<\/p>\n<p>La pierre de fondation du Palais Episcopal aupr\u00e8s de celui-ci a \u00e9t\u00e9 pos\u00e9e en 1762 (de celui-ci j\u2019ai fait aussi r\u00e9f\u00e9rence dans un article ant\u00e9rieur) et il a \u00e9t\u00e9 fini en 1776.\u00a0 Comme les donn\u00e9es ci-dessus\u00a0 aussi attestent, il \u00e9tait impossible pour les trois, Haydn, Pichl et Dittersdorf d\u00e9velopper ici l\u2019activit\u00e9,\u00a0 parce que les trois ont \u00e9t\u00e9 en Oradea entre 1760-1769 mais les \u00e9difices en cette p\u00e9riode n\u2019ont pas \u00e9t\u00e9 encore finis.<\/p>\n<p><img loading=\"lazy\" decoding=\"async\" class=\" wp-image-6288 alignleft\" src=\"http:\/\/thurzozoltan.com\/wp-content\/uploads\/2016\/08\/Szent-L\u00e1szl\u00f3-templom-1-214x300.jpg\" alt=\"Szent L\u00e1szl\u00f3 templom\" width=\"241\" height=\"338\" srcset=\"https:\/\/thurzozoltan.com\/wp-content\/uploads\/2016\/08\/Szent-L\u00e1szl\u00f3-templom-1-214x300.jpg 214w, https:\/\/thurzozoltan.com\/wp-content\/uploads\/2016\/08\/Szent-L\u00e1szl\u00f3-templom-1.jpg 606w\" sizes=\"auto, (max-width: 241px) 100vw, 241px\" \/>A ce moment-l\u00e0, la Cath\u00e9drale \u00e9tait l\u2019actuelle Eglise Saint Ladislau qui a op\u00e9r\u00e9 comme cath\u00e9drale depuis 1723 jusqu\u2019en 1780.<\/p>\n<p>Il faut mentionner le fait que le Palais Episcopal en cette p\u00e9riode se trouvait dans le lieu de la Mairie d\u2019aujourd\u2019hui, qui a \u00e9t\u00e9 construit par Csaky Miklos (\u00e9v\u00eaque en Oradea entre 1737-1747),\u00a0\u00a0 qui dans le m\u00eame temps a fonctionn\u00e9 aussi comme s\u00e9minaire th\u00e9ologique et qui malheureusement a \u00e9t\u00e9 br\u00fbl\u00e9 compl\u00e8tement en 1773. L\u2019aile droite de cet \u00e9difice encore existe aupr\u00e8s de la tour de la mairie d\u2019aujourd\u2019hui. La conduction actuelle de la ville, L\u2019Episcopat, ignore le caract\u00e8re de monument historique qui comprend plusieurs si\u00e8cles. Cet \u00e9difice devrait \u00eatre r\u00e9habilit\u00e9 urgent\u00e8rent.<\/p>\n<p><strong>Compositeur productif<\/strong><\/p>\n<p>En retournant, Dittersdorf a r\u00e9ussi continuer avec plus du succ\u00e8s le service commenc\u00e9 pendant l\u2019\u00e9poque de Haydh. L\u2019environnement dans lequel il travaillait\u00a0 \u00e9tait plus favorable que\u00a0 dans l\u2019\u00e9poque de son pr\u00e9d\u00e9cesseur, qui devait poser les bases en parall\u00e8le avec son travail.<\/p>\n<p>Avant tout, Dittersdorf a compl\u00e9t\u00e9 l\u2019orchestre de l\u2019\u00e9v\u00eaque avec les musiciens apport\u00e9s de Vienne et il a \u00e9lev\u00e9 le ch\u0153ur \u00e0 un niveau o\u00f9 il a pu devenir connu tant chez lui comme aussi sur le plan international.<\/p>\n<p>M\u00eame si la musique de Dittersdorf \u00e9tait n\u00e9glig\u00e9e, presque oubli\u00e9 par la post\u00e9riorit\u00e9, son activit\u00e9 ressemble \u00eatre red\u00e9couverte dans les derni\u00e8res d\u00e9cennies. Il \u00e9tait un compositeur productif, il savait composer la musique facilement et rapidement qui peut \u00eatre l\u2019explication du fait que dans le cas de certains \u0153uvres on sent la superficialit\u00e9. (\u2026)<\/p>\n<p>La malchance qui a affect\u00e9 la vie et son activit\u00e9 est le fait qu\u2019il a v\u00e9cu pendant l\u2019\u00e9poque de Joseph, Michael Haydn, Wolfgang Amadeus Mozart ses \u0153uvres sont difficiles \u00e0 \u00e9galer. Cependant, Dittersdorf avait un r\u00f4le extr\u00eamement important tant dans le d\u00e9veloppement de la musique classique de Vienne comme aussi dans celle d\u2019Oradea.<\/p>\n<p>Des trente quatre \u0153uvres, 12 ont \u00e9t\u00e9 \u00e9crites en italienne, le reste, sp\u00e9cialement celles apr\u00e8s 1786, ont \u00e9t\u00e9 \u00e9crites en allemand. D\u2019entre les symphonies concernant son nom 120 sont consid\u00e9r\u00e9es compos\u00e9es par lui, et autres 90 sont des symphonies dons le cas la personne de l\u2019auteur\u00a0 ne se connait surement, mais elles sont attribu\u00e9es \u00e0 Dittersdorf.\u00a0 Aupr\u00e8s ce celles-ci il a compos\u00e9 aussi plus de 70 concerts pour diff\u00e9rents instruments (violon, viole,\u00a0 hautbois, piano, etc). Le num\u00e9ro des \u0153uvres musicales de chambre est presque 280, le num\u00e9ro des \u0153uvres oratoires est presque 240.<\/p>\n<p>Dans les derni\u00e8res ann\u00e9es les \u0153uvres des personnages de la musique mentionn\u00e9s ci-dessus sont revenus sur la sc\u00e8ne d\u2019Oradea, dans le r\u00e9pertoire de l\u2019orchestre de musique de chambre de la Philarmonique les \u0153uvres de Haydn, Pichl et von Dittersdorf ont eu lieu de mani\u00e8re permanente.\u00a0 Il est pass\u00e9 que dans le cadre d\u2019un spectacle le public a eu l\u2019opportunit\u00e9 d\u2019\u00e9couter les \u0153uvres d\u2019un seul compositeur.<\/p>\n<p>Avec suret\u00e9 son temps pass\u00e9 en Oradea ne disparait dans le brouillard de l\u2019oubli.<\/p>\n<p>Ceux d\u2019Oradea nous aurons soins.<\/p>\n[\/et_pb_text][et_pb_divider admin_label=&#8221;Divider&#8221; color=&#8221;#ffffff&#8221; show_divider=&#8221;off&#8221; height=&#8221;40&#8243; divider_style=&#8221;solid&#8221; divider_position=&#8221;top&#8221; hide_on_mobile=&#8221;on&#8221;] [\/et_pb_divider][et_pb_button admin_label=&#8221;Button&#8221; button_url=&#8221;http:\/\/thurzozoltan.com\/wp-content\/uploads\/2016\/04\/bihari-naplo-cikk-4.pdf&#8221; url_new_window=&#8221;on&#8221; button_text=&#8221;T\u00e9l\u00e9charger en PDF&#8221; button_alignment=&#8221;right&#8221; background_layout=&#8221;light&#8221; custom_button=&#8221;on&#8221; button_letter_spacing=&#8221;0&#8243; button_use_icon=&#8221;default&#8221; button_icon=&#8221;%%65%%&#8221; button_icon_placement=&#8221;right&#8221; button_on_hover=&#8221;on&#8221; button_letter_spacing_hover=&#8221;0&#8243;] [\/et_pb_button][\/et_pb_column][\/et_pb_row][\/et_pb_section]\n","protected":false},"excerpt":{"rendered":"<p>[et_pb_section admin_label=&#8221;Section&#8221; fullwidth=&#8221;on&#8221; specialty=&#8221;off&#8221; transparent_background=&#8221;on&#8221; background_color=&#8221;#ffffff&#8221; allow_player_pause=&#8221;off&#8221; inner_shadow=&#8221;off&#8221; parallax=&#8221;off&#8221; parallax_method=&#8221;off&#8221; padding_mobile=&#8221;off&#8221; make_fullwidth=&#8221;off&#8221; use_custom_width=&#8221;off&#8221; width_unit=&#8221;on&#8221; make_equal=&#8221;off&#8221; use_custom_gutter=&#8221;off&#8221;][et_pb_fullwidth_post_title admin_label=&#8221;Fullwidth Post Title&#8221; title=&#8221;on&#8221; meta=&#8221;off&#8221; author=&#8221;on&#8221; date=&#8221;on&#8221; categories=&#8221;on&#8221; comments=&#8221;on&#8221; featured_image=&#8221;off&#8221; featured_placement=&#8221;below&#8221; parallax_effect=&#8221;on&#8221; parallax_method=&#8221;on&#8221; text_orientation=&#8221;center&#8221; text_color=&#8221;dark&#8221; text_background=&#8221;off&#8221; text_bg_color=&#8221;rgba(255,255,255,0.9)&#8221; module_bg_color=&#8221;rgba(255,255,255,0)&#8221; title_font_size=&#8221;36&#8243; title_font_size_tablet=&#8221;29&#8243; title_font_size_phone=&#8221;20&#8243; title_font_size_last_edited=&#8221;on|phone&#8221; title_text_color=&#8221;#fee29b&#8221; title_all_caps=&#8221;off&#8221; use_border_color=&#8221;off&#8221; border_color=&#8221;#ffffff&#8221; border_style=&#8221;solid&#8221;] [\/et_pb_fullwidth_post_title][\/et_pb_section][et_pb_section admin_label=&#8221;section&#8221; transparent_background=&#8221;on&#8221; background_color=&#8221;#ffffff&#8221; allow_player_pause=&#8221;off&#8221; inner_shadow=&#8221;off&#8221; parallax=&#8221;off&#8221; parallax_method=&#8221;off&#8221; padding_mobile=&#8221;off&#8221; make_fullwidth=&#8221;off&#8221; use_custom_width=&#8221;off&#8221; width_unit=&#8221;on&#8221; [&hellip;]<\/p>\n","protected":false},"author":1,"featured_media":0,"comment_status":"open","ping_status":"open","sticky":false,"template":"","format":"standard","meta":{"footnotes":""},"categories":[111],"tags":[],"class_list":["post-7152","post","type-post","status-publish","format-standard","hentry","category-irasaim-fr"],"_links":{"self":[{"href":"https:\/\/thurzozoltan.com\/fr\/wp-json\/wp\/v2\/posts\/7152","targetHints":{"allow":["GET"]}}],"collection":[{"href":"https:\/\/thurzozoltan.com\/fr\/wp-json\/wp\/v2\/posts"}],"about":[{"href":"https:\/\/thurzozoltan.com\/fr\/wp-json\/wp\/v2\/types\/post"}],"author":[{"embeddable":true,"href":"https:\/\/thurzozoltan.com\/fr\/wp-json\/wp\/v2\/users\/1"}],"replies":[{"embeddable":true,"href":"https:\/\/thurzozoltan.com\/fr\/wp-json\/wp\/v2\/comments?post=7152"}],"version-history":[{"count":3,"href":"https:\/\/thurzozoltan.com\/fr\/wp-json\/wp\/v2\/posts\/7152\/revisions"}],"predecessor-version":[{"id":9470,"href":"https:\/\/thurzozoltan.com\/fr\/wp-json\/wp\/v2\/posts\/7152\/revisions\/9470"}],"wp:attachment":[{"href":"https:\/\/thurzozoltan.com\/fr\/wp-json\/wp\/v2\/media?parent=7152"}],"wp:term":[{"taxonomy":"category","embeddable":true,"href":"https:\/\/thurzozoltan.com\/fr\/wp-json\/wp\/v2\/categories?post=7152"},{"taxonomy":"post_tag","embeddable":true,"href":"https:\/\/thurzozoltan.com\/fr\/wp-json\/wp\/v2\/tags?post=7152"}],"curies":[{"name":"wp","href":"https:\/\/api.w.org\/{rel}","templated":true}]}}