{"id":7156,"date":"2016-08-08T12:47:12","date_gmt":"2016-08-08T12:47:12","guid":{"rendered":"http:\/\/thurzozoltan.com\/fr\/karl-ditters-von-dittersdorf-nagyvaradi-munkassagarol\/"},"modified":"2016-10-26T13:40:08","modified_gmt":"2016-10-26T13:40:08","slug":"karl-ditters-von-dittersdorf-nagyvaradi-munkassagarol","status":"publish","type":"post","link":"https:\/\/thurzozoltan.com\/fr\/karl-ditters-von-dittersdorf-nagyvaradi-munkassagarol\/","title":{"rendered":"Sur l\u2019activit\u00e9 d\u2019Oradea de Karl Ditters von Dittersdorf"},"content":{"rendered":"[et_pb_section admin_label=&#8221;Section&#8221; fullwidth=&#8221;on&#8221; specialty=&#8221;off&#8221; transparent_background=&#8221;on&#8221; background_color=&#8221;#ffffff&#8221; allow_player_pause=&#8221;off&#8221; inner_shadow=&#8221;off&#8221; parallax=&#8221;off&#8221; parallax_method=&#8221;off&#8221; padding_mobile=&#8221;off&#8221; make_fullwidth=&#8221;off&#8221; use_custom_width=&#8221;off&#8221; width_unit=&#8221;on&#8221; make_equal=&#8221;off&#8221; use_custom_gutter=&#8221;off&#8221;][et_pb_fullwidth_post_title admin_label=&#8221;Fullwidth Post Title&#8221; title=&#8221;on&#8221; meta=&#8221;off&#8221; author=&#8221;on&#8221; date=&#8221;on&#8221; categories=&#8221;on&#8221; comments=&#8221;on&#8221; featured_image=&#8221;off&#8221; featured_placement=&#8221;below&#8221; parallax_effect=&#8221;on&#8221; parallax_method=&#8221;on&#8221; text_orientation=&#8221;center&#8221; text_color=&#8221;dark&#8221; text_background=&#8221;off&#8221; text_bg_color=&#8221;rgba(255,255,255,0.9)&#8221; module_bg_color=&#8221;rgba(255,255,255,0)&#8221; title_font_size=&#8221;36&#8243; title_font_size_tablet=&#8221;29&#8243; title_font_size_phone=&#8221;20&#8243; title_font_size_last_edited=&#8221;on|phone&#8221; title_text_color=&#8221;#fee29b&#8221; title_all_caps=&#8221;off&#8221; use_border_color=&#8221;off&#8221; border_color=&#8221;#ffffff&#8221; border_style=&#8221;solid&#8221;] [\/et_pb_fullwidth_post_title][\/et_pb_section][et_pb_section admin_label=&#8221;section&#8221; transparent_background=&#8221;on&#8221; background_color=&#8221;#ffffff&#8221; allow_player_pause=&#8221;off&#8221; inner_shadow=&#8221;off&#8221; parallax=&#8221;off&#8221; parallax_method=&#8221;off&#8221; padding_mobile=&#8221;off&#8221; make_fullwidth=&#8221;off&#8221; use_custom_width=&#8221;off&#8221; width_unit=&#8221;on&#8221; make_equal=&#8221;off&#8221; use_custom_gutter=&#8221;off&#8221;][et_pb_row admin_label=&#8221;row&#8221;][et_pb_column type=&#8221;4_4&#8243;][et_pb_text admin_label=&#8221;Text&#8221; background_layout=&#8221;light&#8221; text_orientation=&#8221;justified&#8221; use_border_color=&#8221;off&#8221; border_color=&#8221;#ffffff&#8221; border_style=&#8221;solid&#8221;]\n<p><img loading=\"lazy\" decoding=\"async\" class=\" wp-image-6239 alignleft\" src=\"http:\/\/thurzozoltan.com\/wp-content\/uploads\/2016\/08\/Dittersdorf-b\u00e9lyeg-268x300.jpg\" alt=\"Dittersdorf b\u00e9lyeg\" width=\"289\" height=\"324\" srcset=\"https:\/\/thurzozoltan.com\/wp-content\/uploads\/2016\/08\/Dittersdorf-b\u00e9lyeg-268x300.jpg 268w, https:\/\/thurzozoltan.com\/wp-content\/uploads\/2016\/08\/Dittersdorf-b\u00e9lyeg.jpg 286w\" sizes=\"auto, (max-width: 289px) 100vw, 289px\" \/>Ev\u00eaque Patachich Adam a admir\u00e9 tant le jeu de violon du jeune violoniste qu\u2019il lui a confi\u00e9 la conduction de l\u2019orchestre avec la tache d\u2019\u00e9tendre le num\u00e9ro des musiciens avec des artistes viennois et de Praga. Dittersdorf a r\u00e9ussi s\u00e9lecter des musiciens exceptionnels et il a \u00e9t\u00e9 accompagn\u00e9 aussi par des artistes connus le 1 avril 1764 quant il est arriv\u00e9 en Oradea. Apr\u00e8s seulement quelques jours l\u2019orchestre se pr\u00e9sente avec grand succ\u00e8s devant le public dans la cours \u00e9piscopale sous la conduction\u00a0 de Dittersdorf. Depuis ce moment chaque dimanche et mardi on a organis\u00e9 des concerts de mani\u00e8re r\u00e9guli\u00e8re.<\/p>\n<p><strong>Le chef d\u2019orchestre et son orchestre<\/strong><\/p>\n<p>M\u00eame si Dittersdorf a commenc\u00e9 la carri\u00e8re comme violoniste dans l\u2019orchestre de la cours royale de Vienne,\u00a0 t\u00f4t il a entour\u00e9 son int\u00e9r\u00eat vers la composition. Son style suivit le style classique de Haydn.\u00a0 Il \u00e9t\u00e9 un chef d\u2019orchestre qualifi\u00e9e, son \u0153uvre se caract\u00e9rise par l\u2019humour. Il a compos\u00e9 des orateurs, musique eccl\u00e9siastique, des chansons, des symphonies, des \u0153uvres, il a dict\u00e9e la biographie- avec la r\u00e9f\u00e9rences aux ann\u00e9es pass\u00e9es en Oradea- son fils vers la fin de sa vie.<\/p>\n<p>Il a compl\u00e9t\u00e9 l\u2019orchestre, et entre les 34 membres on retrouve au compositeur d\u2019origine tch\u00e8ques\u00a0: Wenzel Pichl, qui aupr\u00e8s du fait qu\u2019il \u00e9tait le ma\u00eetre de concert de Dittersdorf, il a \u00e9crit les vers pour es orateurs. Le num\u00e9ro des membres de l\u2019orchestre est un significatif \u00e9tant donn\u00e9 que en ce temps ni les orchestres les plus grandes d\u2019Europe n\u2019avaient plus des musiciens.<\/p>\n<p>La composition\u00a0 de l\u2019orchestre \u00e9tait l\u2019une pas habituelle. Beaucoup d\u2019entre les membres \u00e9taient des valets lib\u00e9raux,\u00a0 des serveurs de la cour \u00e9piscopale. Le chef d\u2019orchestre, en reconnaissant le talent de com\u00e9dien d\u2019un\u00a0 cuisinier italien, il lui a s\u00e9lect\u00e9 pour un r\u00f4le d\u2019une de ses \u0153uvres, Dittersdorf a reconnu le talent et la musicalit\u00e9 des hommes habituels tr\u00e8s facilement. Il d\u00e9montre cette habilit\u00e9 aussi dans un souvenir dans lequel il pr\u00e9sente une exp\u00e9rience de la R\u00e9publique Tch\u00e8que\u00a0: les paysans r\u00e9unis \u00e0 un spectacle en air libre ont chant\u00e9 ensembles- presque parfaitement- certaines parties de l\u2019\u0153uvre pr\u00e9sent\u00e9e.<\/p>\n<p><strong>Les orateurs<\/strong><\/p>\n<p>Le jeune chef d\u2019orchestre s\u2019est d\u00e9cid\u00e9 rapidement pr\u00e9senter non seulement des concerts mais aussi des orateurs et \u0153uvres. Sa\u00a0 nouvel h\u00f4te lui a appuy\u00e9 avec tout ce qui \u00e9tait n\u00e9cessaire pour faciliter l\u2019accomplissement des id\u00e9es artistiques.<\/p>\n<p>Le sujet de ces \u0153uvres \u00e9tait bien sur correspondent aux gouts du temps. L\u2019orateur intitul\u00e9 \u00ab\u00a0Issac\u00a0\u00bb compos\u00e9 apr\u00e8s l\u2019influence de la trag\u00e9die de Matestasio est du de cette p\u00e9riode.<\/p>\n<p><img loading=\"lazy\" decoding=\"async\" class=\" wp-image-6229 alignright\" src=\"http:\/\/thurzozoltan.com\/wp-content\/uploads\/2016\/08\/P\u00fcsp\u00f6ki-Palota-300x218.jpg\" alt=\"P\u00fcsp\u00f6ki Palota\" width=\"347\" height=\"252\" srcset=\"https:\/\/thurzozoltan.com\/wp-content\/uploads\/2016\/08\/P\u00fcsp\u00f6ki-Palota-300x218.jpg 300w, https:\/\/thurzozoltan.com\/wp-content\/uploads\/2016\/08\/P\u00fcsp\u00f6ki-Palota-768x559.jpg 768w, https:\/\/thurzozoltan.com\/wp-content\/uploads\/2016\/08\/P\u00fcsp\u00f6ki-Palota-1024x745.jpg 1024w, https:\/\/thurzozoltan.com\/wp-content\/uploads\/2016\/08\/P\u00fcsp\u00f6ki-Palota.jpg 1056w\" sizes=\"auto, (max-width: 347px) 100vw, 347px\" \/>Un commentaire de ce temps retient\u00a0: \u00ab\u00a0La salle orn\u00e9e a \u00e9t\u00e9 pleine avec des gens distingu\u00e9s, surprise par le ma\u00eetre premi\u00e8rement avec le fait que les membres de l\u2019orchestre ont \u00e9t\u00e9 habill\u00e9es en uniformes sophistiqu\u00e9es. Une autre surprise consiste dans la sc\u00e8ne de l\u2019orateur\u00a0: la maison d\u2019Ibraim en bosquet. Un ensemble sophistiqu\u00e9 et avec le style, des nouveaux costumes et beaux. Le public a \u00e9t\u00e9 enchant\u00e9 et le compositeur a re\u00e7u le cadeau apr\u00e8s le spectacle une cassette avec des mat\u00e9riaux. Le public d\u00e9sirait voir l\u2019orateur pour quatre ans, et monsieur l\u2019\u00e9v\u00eaque a sollicit\u00e9 le spectacle pendante chaque p\u00e9riode de car\u00eame.\u00a0\u00bb<\/p>\n<p>Parmi tous les spectacles, celui avait le plus grand succ\u00e8s ce qui encourageait Dittersdorf\u00e0 mettre en sur sc\u00e8ne des \u0153uvres joyeuses, m\u00eame avec des sujets universels. De telles \u0153uvres \u00e9taient\u00a0: Empire des morts,\u00a0 Madame Sybille ne boit pas de vin etc.<\/p>\n<p><strong>Des \u0153uvres joyeuses<\/strong><\/p>\n<p>L\u2019\u0153uvre joyeuse\u00a0 \u00ab\u00a0Amore in musica\u00a0\u00bb a une histoire int\u00e9ressante.<\/p>\n<p>Un chef d\u2019orchestre jeune connait la fille du caissier Jurkovits et il tombe amoureux d\u2019elle mais ni le p\u00e8re avec des id\u00e9es conservatives ni sa fille n\u2019\u00e9tait pas de partie des artistes de fa\u00e7on qu\u2019ils ont refus\u00e9 Dittersdorf. Le musicien d\u00e9sillusionn\u00e9 part en Vienne pour oublier. L\u00e0 bas retrouve l\u2019\u0153uvre de Metastasio et il compose une \u0153uvre avec laquelle il revient en Oradea. Le spectacle a \u00e9t\u00e9 si immense que l\u2019orchestre de la cours royale a \u00e9t\u00e9 compl\u00e9t\u00e9 avec des musiciens du r\u00e9gime Neu-Kleinhod conduits par l\u2019ami de la musique, Hohenhole-Schillingfurst.<\/p>\n<p>Depuis ce moment la musique culte se retire et commence le temps de la joie, des jeux musicaux, des festivit\u00e9s immenses, avec la danse.<\/p>\n<p><strong>L\u2019orchestre se dissout<\/strong><\/p>\n<p>Les officiels ont d\u00e9sir\u00e9 de plus en plus spectacles joyeux. Le colonel surprend l\u2019\u00e9v\u00eaque avec un volkstuck, et Dittersdorf mentionne que le spectacle s\u2019est fini avec une colonne d\u2019invit\u00e9s de mariage. L\u2019\u00e9v\u00eaque Patachich d\u2019autre part a organis\u00e9 une marche masqu\u00e9 avec la f\u00eate avec la danse pour son anniversaire. Celle-ci a \u00e9t\u00e9 la derni\u00e8re f\u00eate dans le palais\u00a0 \u00e9piscopal.<\/p>\n<p>Les ennemis de Patachich ont rapport\u00e9 \u00e0 la cour de Vienne apr\u00e8s que le secr\u00e9taire de la reine Maria Terezia a donn\u00e9 l\u2019ordre pour la dissolution de l\u2019orchestre.<\/p>\n<p>En 1769 Dittersdorf est revenu en Vienne et on a fini le d\u00e9cennie caract\u00e9ris\u00e9 par des r\u00e9sultats et des succ\u00e8s. La vie musicale s\u2019est bloqu\u00e9 pour une p\u00e9riode longue a peine au d\u00e9but du 19 si\u00e8cle commence\u00a0 \u00e0 prosp\u00e9rer de nouveau, sp\u00e9cialement l\u2019op\u00e9ra.<\/p>\n<p>(La Torche (Faklya_ pg. 3, 11 ao\u00fbt, 1967- l\u2019article \u00e9crit par Thurzo Sandor et Tuduka Oskar\u00a0: Concerts \u00e0 la moiti\u00e9 du XVIII si\u00e8cle).<\/p>\n<p style=\"text-align: justify;\"><img loading=\"lazy\" decoding=\"async\" class=\"alignnone  wp-image-6160\" src=\"http:\/\/thurzozoltan.com\/wp-content\/uploads\/2016\/08\/64388thurzo-Sandor-300x300.jpg\" alt=\"64388thurzo Sandor\" width=\"236\" height=\"236\" srcset=\"https:\/\/thurzozoltan.com\/wp-content\/uploads\/2016\/08\/64388thurzo-Sandor-300x300.jpg 300w, https:\/\/thurzozoltan.com\/wp-content\/uploads\/2016\/08\/64388thurzo-Sandor-150x150.jpg 150w, https:\/\/thurzozoltan.com\/wp-content\/uploads\/2016\/08\/64388thurzo-Sandor-768x768.jpg 768w, https:\/\/thurzozoltan.com\/wp-content\/uploads\/2016\/08\/64388thurzo-Sandor.jpg 800w\" sizes=\"auto, (max-width: 236px) 100vw, 236px\" \/>\u00a0<strong>Thurz\u00f3 S\u00e1ndor<\/strong>\u00a0\u00a0<img loading=\"lazy\" decoding=\"async\" class=\"alignnone  wp-image-6245\" src=\"http:\/\/thurzozoltan.com\/wp-content\/uploads\/2016\/08\/Tuduka-Oszk\u00e1r-300x279.jpg\" alt=\"Tuduka Oszk\u00e1r\" width=\"252\" height=\"235\" srcset=\"https:\/\/thurzozoltan.com\/wp-content\/uploads\/2016\/08\/Tuduka-Oszk\u00e1r-300x279.jpg 300w, https:\/\/thurzozoltan.com\/wp-content\/uploads\/2016\/08\/Tuduka-Oszk\u00e1r.jpg 366w\" sizes=\"auto, (max-width: 252px) 100vw, 252px\" \/>\u00a0<strong>Tuduka Oszk\u00e1r<\/strong><\/p>\n<p style=\"text-align: justify;\">\u00a0<\/p>\n[\/et_pb_text][et_pb_divider admin_label=&#8221;Divider&#8221; color=&#8221;#ffffff&#8221; show_divider=&#8221;off&#8221; height=&#8221;40&#8243; divider_style=&#8221;solid&#8221; divider_position=&#8221;top&#8221; hide_on_mobile=&#8221;on&#8221;] [\/et_pb_divider][et_pb_button admin_label=&#8221;Button&#8221; button_url=&#8221;http:\/\/thurzozoltan.com\/wp-content\/uploads\/2016\/04\/bihari-naplo-cikk-5.pdf&#8221; url_new_window=&#8221;on&#8221; button_text=&#8221;T\u00e9l\u00e9charger en PDF&#8221; button_alignment=&#8221;right&#8221; background_layout=&#8221;light&#8221; custom_button=&#8221;on&#8221; button_letter_spacing=&#8221;0&#8243; button_use_icon=&#8221;default&#8221; button_icon=&#8221;%%65%%&#8221; button_icon_placement=&#8221;right&#8221; button_on_hover=&#8221;on&#8221; button_letter_spacing_hover=&#8221;0&#8243;] [\/et_pb_button][\/et_pb_column][\/et_pb_row][\/et_pb_section]\n","protected":false},"excerpt":{"rendered":"<p>[et_pb_section admin_label=&#8221;Section&#8221; fullwidth=&#8221;on&#8221; specialty=&#8221;off&#8221; transparent_background=&#8221;on&#8221; background_color=&#8221;#ffffff&#8221; allow_player_pause=&#8221;off&#8221; inner_shadow=&#8221;off&#8221; parallax=&#8221;off&#8221; parallax_method=&#8221;off&#8221; padding_mobile=&#8221;off&#8221; make_fullwidth=&#8221;off&#8221; use_custom_width=&#8221;off&#8221; width_unit=&#8221;on&#8221; make_equal=&#8221;off&#8221; use_custom_gutter=&#8221;off&#8221;][et_pb_fullwidth_post_title admin_label=&#8221;Fullwidth Post Title&#8221; title=&#8221;on&#8221; meta=&#8221;off&#8221; author=&#8221;on&#8221; date=&#8221;on&#8221; categories=&#8221;on&#8221; comments=&#8221;on&#8221; featured_image=&#8221;off&#8221; featured_placement=&#8221;below&#8221; parallax_effect=&#8221;on&#8221; parallax_method=&#8221;on&#8221; text_orientation=&#8221;center&#8221; text_color=&#8221;dark&#8221; text_background=&#8221;off&#8221; text_bg_color=&#8221;rgba(255,255,255,0.9)&#8221; module_bg_color=&#8221;rgba(255,255,255,0)&#8221; title_font_size=&#8221;36&#8243; title_font_size_tablet=&#8221;29&#8243; title_font_size_phone=&#8221;20&#8243; title_font_size_last_edited=&#8221;on|phone&#8221; title_text_color=&#8221;#fee29b&#8221; title_all_caps=&#8221;off&#8221; use_border_color=&#8221;off&#8221; border_color=&#8221;#ffffff&#8221; border_style=&#8221;solid&#8221;] [\/et_pb_fullwidth_post_title][\/et_pb_section][et_pb_section admin_label=&#8221;section&#8221; transparent_background=&#8221;on&#8221; background_color=&#8221;#ffffff&#8221; allow_player_pause=&#8221;off&#8221; inner_shadow=&#8221;off&#8221; parallax=&#8221;off&#8221; parallax_method=&#8221;off&#8221; padding_mobile=&#8221;off&#8221; make_fullwidth=&#8221;off&#8221; use_custom_width=&#8221;off&#8221; width_unit=&#8221;on&#8221; [&hellip;]<\/p>\n","protected":false},"author":1,"featured_media":0,"comment_status":"open","ping_status":"open","sticky":false,"template":"","format":"standard","meta":{"footnotes":""},"categories":[111],"tags":[],"class_list":["post-7156","post","type-post","status-publish","format-standard","hentry","category-irasaim-fr"],"_links":{"self":[{"href":"https:\/\/thurzozoltan.com\/fr\/wp-json\/wp\/v2\/posts\/7156","targetHints":{"allow":["GET"]}}],"collection":[{"href":"https:\/\/thurzozoltan.com\/fr\/wp-json\/wp\/v2\/posts"}],"about":[{"href":"https:\/\/thurzozoltan.com\/fr\/wp-json\/wp\/v2\/types\/post"}],"author":[{"embeddable":true,"href":"https:\/\/thurzozoltan.com\/fr\/wp-json\/wp\/v2\/users\/1"}],"replies":[{"embeddable":true,"href":"https:\/\/thurzozoltan.com\/fr\/wp-json\/wp\/v2\/comments?post=7156"}],"version-history":[{"count":3,"href":"https:\/\/thurzozoltan.com\/fr\/wp-json\/wp\/v2\/posts\/7156\/revisions"}],"predecessor-version":[{"id":9471,"href":"https:\/\/thurzozoltan.com\/fr\/wp-json\/wp\/v2\/posts\/7156\/revisions\/9471"}],"wp:attachment":[{"href":"https:\/\/thurzozoltan.com\/fr\/wp-json\/wp\/v2\/media?parent=7156"}],"wp:term":[{"taxonomy":"category","embeddable":true,"href":"https:\/\/thurzozoltan.com\/fr\/wp-json\/wp\/v2\/categories?post=7156"},{"taxonomy":"post_tag","embeddable":true,"href":"https:\/\/thurzozoltan.com\/fr\/wp-json\/wp\/v2\/tags?post=7156"}],"curies":[{"name":"wp","href":"https:\/\/api.w.org\/{rel}","templated":true}]}}