{"id":7162,"date":"2016-08-08T12:49:58","date_gmt":"2016-08-08T12:49:58","guid":{"rendered":"http:\/\/thurzozoltan.com\/fr\/megint-szegenyebbek-lettunk-elhunyt-varga-vilmos-szinmuvesz\/"},"modified":"2016-10-26T13:40:33","modified_gmt":"2016-10-26T13:40:33","slug":"megint-szegenyebbek-lettunk-elhunyt-varga-vilmos-szinmuvesz","status":"publish","type":"post","link":"https:\/\/thurzozoltan.com\/fr\/megint-szegenyebbek-lettunk-elhunyt-varga-vilmos-szinmuvesz\/","title":{"rendered":"De nouveau nous sommes devenus plus pauvres, l\u2019acteur Varga Vilmos est mort"},"content":{"rendered":"[et_pb_section admin_label=&#8221;Section&#8221; fullwidth=&#8221;on&#8221; specialty=&#8221;off&#8221; transparent_background=&#8221;on&#8221; background_color=&#8221;#ffffff&#8221; allow_player_pause=&#8221;off&#8221; inner_shadow=&#8221;off&#8221; parallax=&#8221;off&#8221; parallax_method=&#8221;off&#8221; padding_mobile=&#8221;off&#8221; make_fullwidth=&#8221;off&#8221; use_custom_width=&#8221;off&#8221; width_unit=&#8221;on&#8221; make_equal=&#8221;off&#8221; use_custom_gutter=&#8221;off&#8221;][et_pb_fullwidth_post_title admin_label=&#8221;Fullwidth Post Title&#8221; title=&#8221;on&#8221; meta=&#8221;off&#8221; author=&#8221;on&#8221; date=&#8221;on&#8221; categories=&#8221;on&#8221; comments=&#8221;on&#8221; featured_image=&#8221;off&#8221; featured_placement=&#8221;below&#8221; parallax_effect=&#8221;on&#8221; parallax_method=&#8221;on&#8221; text_orientation=&#8221;center&#8221; text_color=&#8221;dark&#8221; text_background=&#8221;off&#8221; text_bg_color=&#8221;rgba(255,255,255,0.9)&#8221; module_bg_color=&#8221;rgba(255,255,255,0)&#8221; title_font_size=&#8221;36&#8243; title_font_size_tablet=&#8221;29&#8243; title_font_size_phone=&#8221;20&#8243; title_font_size_last_edited=&#8221;on|phone&#8221; title_text_color=&#8221;#fee29b&#8221; title_all_caps=&#8221;off&#8221; use_border_color=&#8221;off&#8221; border_color=&#8221;#ffffff&#8221; border_style=&#8221;solid&#8221;] [\/et_pb_fullwidth_post_title][\/et_pb_section][et_pb_section admin_label=&#8221;section&#8221; transparent_background=&#8221;on&#8221; background_color=&#8221;#ffffff&#8221; allow_player_pause=&#8221;off&#8221; inner_shadow=&#8221;off&#8221; parallax=&#8221;off&#8221; parallax_method=&#8221;off&#8221; padding_mobile=&#8221;off&#8221; make_fullwidth=&#8221;off&#8221; use_custom_width=&#8221;off&#8221; width_unit=&#8221;on&#8221; make_equal=&#8221;off&#8221; use_custom_gutter=&#8221;off&#8221;][et_pb_row admin_label=&#8221;row&#8221;][et_pb_column type=&#8221;4_4&#8243;][et_pb_text admin_label=&#8221;Text&#8221; background_layout=&#8221;light&#8221; text_orientation=&#8221;justified&#8221; use_border_color=&#8221;off&#8221; border_color=&#8221;#ffffff&#8221; border_style=&#8221;solid&#8221;]\n<p><img loading=\"lazy\" decoding=\"async\" class=\" wp-image-6099 alignright\" src=\"http:\/\/thurzozoltan.com\/wp-content\/uploads\/2016\/08\/varga-300x177.jpg\" alt=\"varga\" width=\"320\" height=\"189\" srcset=\"https:\/\/thurzozoltan.com\/wp-content\/uploads\/2016\/08\/varga-300x177.jpg 300w, https:\/\/thurzozoltan.com\/wp-content\/uploads\/2016\/08\/varga.jpg 600w\" sizes=\"auto, (max-width: 320px) 100vw, 320px\" \/>De plus en plus il faut avoir connaissance, parfois avec col\u00e8re, autre fois en fron\u00e7ant les sourcils\u00a0: quelqu\u2019un de nouveau est mort.<\/p>\n<p>Quelqu\u2019un, qui devait rester encore avec nous.<\/p>\n<p>Mais celui- vraiment respect\u00e9 ne disparait jamais. Cette porte s\u2019ouvre dans le moment dans lequel nous avons termin\u00e9 les choses pour lesquels nous sommes venus dans la terre.<\/p>\n<p>Dans le moment pr\u00e9sent on revienne de nouveau, en tenant une torche devant nous, quant il quitte d\u00e9finitivement la sc\u00e8ne de la vie. Il est appel\u00e9 par le Directeur Divin.<\/p>\n<p><strong>Il a \u00e9t\u00e9 la lumi\u00e8re sur le ciel de la culture.<\/strong><\/p>\n<p>On a perdu une partie du patrimoine de la culture hongroise d\u2019Oradea, mais plusieurs portes le deuil pour le d\u00e9c\u00e8s de l\u2019artiste d\u2019Oradea aussi en plan international.<\/p>\n<p>Chaque fois plus fr\u00e9quemment on \u00e9coute des nouvelles tristes, et chaque fois plus fr\u00e9quemment les larmes \u00e9coulent quant on fait conscience du fait qu\u2019un autre personnage des temps pass\u00e9s se laisse sur les genoux devant Monsieur au bout du chemin dans la terre. Beaucoup d\u2019entre eux sont des personnalit\u00e9s qui ont \u00e9t\u00e9 dans le service de la culture, du renom et de l\u2019enrichissement spirituel de la ville d\u2019Oradea.<\/p>\n<p>En ce qui concerne l\u2019art de Varga Vilmos je me souviens une citation de Latinovits Zoltan\u00a0: \u00ab\u00a0L\u2019acteur est un homme tr\u00e8s complexe. Il cache en soi nombreux je et nombreux\u00a0 flammes constantes, pens\u00e9e continue et un monde sentimentale tr\u00e8s riche.\u00a0\u00bb<\/p>\n<p>Varga Vilmos se caract\u00e9rise parmi l\u2019intellectualisme. Il \u00e9tait un exceptionnel interpr\u00e8te de po\u00e9sies, un acteur rarement trouv\u00e9. Il a offert des moments m\u00e9morables \u00e0 ceux qui ont honor\u00e9 avec attention les r\u00f4les jou\u00e9s et les spectacles pr\u00e9sent\u00e9s par lui. Il \u00e9tait un homme des temps pass\u00e9s, qui observai la vie en souriant et avec col\u00e8re, mais aussi avec ironie et joie.<\/p>\n<p>De cette fa\u00e7on il \u00e9t\u00e9 hors du commun que, \u00e0 mon avis il n\u2019a jamais fait partie en r\u00e9alit\u00e9 de cette ligne imaginaire.<\/p>\n<p>Il se caract\u00e9rise par la sinc\u00e9rit\u00e9. Ceux qui ont \u00e9t\u00e9 pr\u00e9sents \u00e0 ses spectacles\u00a0 ont abandonn\u00e9 le th\u00e9\u00e2tre avec le souvenir d\u2019un rendez-vous intellectuel avec ce personnage artistique. Ils \u00e9taient des moments rares dans lesquels il m\u00e9rite commencer une conversation profonde. Pout tout le monde il avait une sourire fol\u00e2tre ou une pens\u00e9e bref.<\/p>\n<p><strong>Vargas Vilmos \u00e9tait aim\u00e9 par beaucoup.<\/strong><\/p>\n<p><img loading=\"lazy\" decoding=\"async\" class=\" wp-image-6106 alignleft\" src=\"http:\/\/thurzozoltan.com\/wp-content\/uploads\/2016\/08\/varga-vilmos-300x169.jpg\" alt=\"varga vilmos\" width=\"341\" height=\"192\" srcset=\"https:\/\/thurzozoltan.com\/wp-content\/uploads\/2016\/08\/varga-vilmos-300x169.jpg 300w, https:\/\/thurzozoltan.com\/wp-content\/uploads\/2016\/08\/varga-vilmos-768x432.jpg 768w, https:\/\/thurzozoltan.com\/wp-content\/uploads\/2016\/08\/varga-vilmos-1024x576.jpg 1024w, https:\/\/thurzozoltan.com\/wp-content\/uploads\/2016\/08\/varga-vilmos-1080x608.jpg 1080w\" sizes=\"auto, (max-width: 341px) 100vw, 341px\" \/>Je me sens honor\u00e9 parce qu\u2019il a accept\u00e9 plusieurs fois mes invitations et nous avons r\u00e9ussi rester ensemble sur la sc\u00e8ne avec l\u2019occasion de mes concerts.\u00a0 Ces spectacles \u00e9taient appuy\u00e9s par plusieurs conversations en pr\u00e9alable. Des conversations des quels tout le temps j\u2019ai appris quelque chose avec valeur \u00e9ternelle.<\/p>\n<p>Est-ce que les g\u00e9n\u00e9rations jeunes reconnaissent le fait que chaque jour nous sommes abandonnes par des Ma\u00eetres desquels nous pourrons apprendre encore\u00a0 beaucoup de choses pour pouvoir devenir nous aussi dignes de continuer leur travail avec le temps,\u00a0 de passer sur le chemin battu avec suj\u00e9tion spirituelle,\u00a0 et de nous joindre \u00e0 eux au moment dans lequel notre temps aussi arrive \u00e0 la fin\u00a0?<\/p>\n<p>Offrir l\u2019adieu\u00a0 avec la t\u00eate baiss\u00e9e et avec amour reconnaissant qui lui accompagnerai au long du chemin\u00a0!<\/p>\n<p>\u00a0Dans la vie il a \u00e9t\u00e9 lumi\u00e8re pour beaucoup, \u00e0 partir de maintenant\u00a0 il est le membre permanent de la \u00ab\u00a0Troupe Divine\u00a0\u00bb.<\/p>\n[\/et_pb_text][et_pb_divider admin_label=&#8221;Divider&#8221; color=&#8221;#ffffff&#8221; show_divider=&#8221;off&#8221; height=&#8221;40&#8243; divider_style=&#8221;solid&#8221; divider_position=&#8221;top&#8221; hide_on_mobile=&#8221;on&#8221;] [\/et_pb_divider][et_pb_button admin_label=&#8221;Button&#8221; button_url=&#8221;http:\/\/thurzozoltan.com\/wp-content\/uploads\/2016\/04\/2016.julius-12-kedd-Bihari-Naplo-8.oldal_.pdf&#8221; url_new_window=&#8221;on&#8221; button_text=&#8221;T\u00e9l\u00e9charger en PDF&#8221; button_alignment=&#8221;right&#8221; background_layout=&#8221;light&#8221; custom_button=&#8221;on&#8221; button_letter_spacing=&#8221;0&#8243; button_use_icon=&#8221;default&#8221; button_icon=&#8221;%%65%%&#8221; button_icon_placement=&#8221;right&#8221; button_on_hover=&#8221;on&#8221; button_letter_spacing_hover=&#8221;0&#8243;] [\/et_pb_button][\/et_pb_column][\/et_pb_row][\/et_pb_section]\n","protected":false},"excerpt":{"rendered":"<p>[et_pb_section admin_label=&#8221;Section&#8221; fullwidth=&#8221;on&#8221; specialty=&#8221;off&#8221; transparent_background=&#8221;on&#8221; background_color=&#8221;#ffffff&#8221; allow_player_pause=&#8221;off&#8221; inner_shadow=&#8221;off&#8221; parallax=&#8221;off&#8221; parallax_method=&#8221;off&#8221; padding_mobile=&#8221;off&#8221; make_fullwidth=&#8221;off&#8221; use_custom_width=&#8221;off&#8221; width_unit=&#8221;on&#8221; make_equal=&#8221;off&#8221; use_custom_gutter=&#8221;off&#8221;][et_pb_fullwidth_post_title admin_label=&#8221;Fullwidth Post Title&#8221; title=&#8221;on&#8221; meta=&#8221;off&#8221; author=&#8221;on&#8221; date=&#8221;on&#8221; categories=&#8221;on&#8221; comments=&#8221;on&#8221; featured_image=&#8221;off&#8221; featured_placement=&#8221;below&#8221; parallax_effect=&#8221;on&#8221; parallax_method=&#8221;on&#8221; text_orientation=&#8221;center&#8221; text_color=&#8221;dark&#8221; text_background=&#8221;off&#8221; text_bg_color=&#8221;rgba(255,255,255,0.9)&#8221; module_bg_color=&#8221;rgba(255,255,255,0)&#8221; title_font_size=&#8221;36&#8243; title_font_size_tablet=&#8221;29&#8243; title_font_size_phone=&#8221;20&#8243; title_font_size_last_edited=&#8221;on|phone&#8221; title_text_color=&#8221;#fee29b&#8221; title_all_caps=&#8221;off&#8221; use_border_color=&#8221;off&#8221; border_color=&#8221;#ffffff&#8221; border_style=&#8221;solid&#8221;] [\/et_pb_fullwidth_post_title][\/et_pb_section][et_pb_section admin_label=&#8221;section&#8221; transparent_background=&#8221;on&#8221; background_color=&#8221;#ffffff&#8221; allow_player_pause=&#8221;off&#8221; inner_shadow=&#8221;off&#8221; parallax=&#8221;off&#8221; parallax_method=&#8221;off&#8221; padding_mobile=&#8221;off&#8221; make_fullwidth=&#8221;off&#8221; use_custom_width=&#8221;off&#8221; width_unit=&#8221;on&#8221; [&hellip;]<\/p>\n","protected":false},"author":1,"featured_media":0,"comment_status":"open","ping_status":"open","sticky":false,"template":"","format":"standard","meta":{"footnotes":""},"categories":[111],"tags":[],"class_list":["post-7162","post","type-post","status-publish","format-standard","hentry","category-irasaim-fr"],"_links":{"self":[{"href":"https:\/\/thurzozoltan.com\/fr\/wp-json\/wp\/v2\/posts\/7162","targetHints":{"allow":["GET"]}}],"collection":[{"href":"https:\/\/thurzozoltan.com\/fr\/wp-json\/wp\/v2\/posts"}],"about":[{"href":"https:\/\/thurzozoltan.com\/fr\/wp-json\/wp\/v2\/types\/post"}],"author":[{"embeddable":true,"href":"https:\/\/thurzozoltan.com\/fr\/wp-json\/wp\/v2\/users\/1"}],"replies":[{"embeddable":true,"href":"https:\/\/thurzozoltan.com\/fr\/wp-json\/wp\/v2\/comments?post=7162"}],"version-history":[{"count":3,"href":"https:\/\/thurzozoltan.com\/fr\/wp-json\/wp\/v2\/posts\/7162\/revisions"}],"predecessor-version":[{"id":9473,"href":"https:\/\/thurzozoltan.com\/fr\/wp-json\/wp\/v2\/posts\/7162\/revisions\/9473"}],"wp:attachment":[{"href":"https:\/\/thurzozoltan.com\/fr\/wp-json\/wp\/v2\/media?parent=7162"}],"wp:term":[{"taxonomy":"category","embeddable":true,"href":"https:\/\/thurzozoltan.com\/fr\/wp-json\/wp\/v2\/categories?post=7162"},{"taxonomy":"post_tag","embeddable":true,"href":"https:\/\/thurzozoltan.com\/fr\/wp-json\/wp\/v2\/tags?post=7162"}],"curies":[{"name":"wp","href":"https:\/\/api.w.org\/{rel}","templated":true}]}}