{"id":8749,"date":"2016-05-26T17:59:57","date_gmt":"2016-05-26T17:59:57","guid":{"rendered":"http:\/\/thurzozoltan.com\/fr\/strauss-vilaga-es-ami-mogotte-van-eloadoesttel-kapcsolatos-kozonsegvelemenyek\/"},"modified":"2017-02-05T10:40:31","modified_gmt":"2017-02-05T10:40:31","slug":"strauss-vilaga-es-ami-mogotte-van-eloadoesttel-kapcsolatos-kozonsegvelemenyek","status":"publish","type":"post","link":"https:\/\/thurzozoltan.com\/fr\/strauss-vilaga-es-ami-mogotte-van-eloadoesttel-kapcsolatos-kozonsegvelemenyek\/","title":{"rendered":"&#8220;Le monde de Strauss\u2026et celles d\u2019aupr\u00e8s&#8221; Des opinions des spectateurs sur la soir\u00e9e du spectacle"},"content":{"rendered":"[et_pb_section admin_label=&#8221;Section&#8221; transparent_background=&#8221;on&#8221; background_color=&#8221;#ffffff&#8221; allow_player_pause=&#8221;off&#8221; inner_shadow=&#8221;off&#8221; parallax=&#8221;off&#8221; parallax_method=&#8221;off&#8221; padding_mobile=&#8221;off&#8221; make_fullwidth=&#8221;off&#8221; use_custom_width=&#8221;off&#8221; width_unit=&#8221;on&#8221; custom_width_px=&#8221;1080px&#8221; custom_width_percent=&#8221;80%&#8221; make_equal=&#8221;off&#8221; use_custom_gutter=&#8221;off&#8221; fullwidth=&#8221;on&#8221; specialty=&#8221;off&#8221; disabled=&#8221;off&#8221;][et_pb_fullwidth_post_title admin_label=&#8221;Fullwidth Post Title&#8221; title=&#8221;on&#8221; meta=&#8221;off&#8221; author=&#8221;on&#8221; date=&#8221;on&#8221; date_format=&#8221;M j, Y&#8221; categories=&#8221;on&#8221; comments=&#8221;on&#8221; featured_image=&#8221;off&#8221; featured_placement=&#8221;below&#8221; parallax_effect=&#8221;on&#8221; parallax_method=&#8221;on&#8221; text_orientation=&#8221;center&#8221; text_color=&#8221;dark&#8221; text_background=&#8221;off&#8221; text_bg_color=&#8221;rgba(255,255,255,0.9)&#8221; title_font_size=&#8221;36&#8243; title_font_size_tablet=&#8221;29&#8243; title_font_size_phone=&#8221;20&#8243; title_text_color=&#8221;#fee29b&#8221; title_all_caps=&#8221;off&#8221; use_border_color=&#8221;off&#8221; border_color=&#8221;#ffffff&#8221; border_width=&#8221;1px&#8221; border_style=&#8221;solid&#8221; disabled=&#8221;off&#8221;] [\/et_pb_fullwidth_post_title][\/et_pb_section][et_pb_section admin_label=&#8221;section&#8221; transparent_background=&#8221;on&#8221; background_color=&#8221;#ffffff&#8221; allow_player_pause=&#8221;off&#8221; inner_shadow=&#8221;off&#8221; parallax=&#8221;off&#8221; parallax_method=&#8221;off&#8221; padding_mobile=&#8221;off&#8221; make_fullwidth=&#8221;off&#8221; use_custom_width=&#8221;off&#8221; width_unit=&#8221;on&#8221; custom_width_px=&#8221;1080px&#8221; custom_width_percent=&#8221;80%&#8221; make_equal=&#8221;off&#8221; use_custom_gutter=&#8221;off&#8221; fullwidth=&#8221;off&#8221; specialty=&#8221;off&#8221; disabled=&#8221;off&#8221;][et_pb_row admin_label=&#8221;row&#8221; make_fullwidth=&#8221;off&#8221; use_custom_width=&#8221;off&#8221; width_unit=&#8221;on&#8221; custom_width_px=&#8221;1080px&#8221; custom_width_percent=&#8221;80%&#8221; use_custom_gutter=&#8221;off&#8221; gutter_width=&#8221;2&#8243; padding_mobile=&#8221;off&#8221; background_color=&#8221;rgba(0,0,0,0)&#8221; allow_player_pause=&#8221;off&#8221; parallax=&#8221;off&#8221; parallax_method=&#8221;off&#8221; make_equal=&#8221;off&#8221; column_padding_mobile=&#8221;on&#8221; parallax_1=&#8221;off&#8221; parallax_method_1=&#8221;off&#8221; parallax_2=&#8221;off&#8221; parallax_method_2=&#8221;on&#8221; parallax_3=&#8221;off&#8221; parallax_method_3=&#8221;on&#8221; parallax_4=&#8221;off&#8221; parallax_method_4=&#8221;on&#8221; disabled=&#8221;off&#8221;][et_pb_column type=&#8221;4_4&#8243;][et_pb_accordion admin_label=&#8221;Accordion&#8221; open_toggle_background_color=&#8221;#000000&#8243; closed_toggle_background_color=&#8221;#000000&#8243; icon_color=&#8221;#fee29b&#8221; use_border_color=&#8221;on&#8221; border_color=&#8221;#fee29b&#8221; border_style=&#8221;solid&#8221; disabled=&#8221;off&#8221;] [et_pb_accordion_item title=&#8221;Kelemen Erzs\u00e9bet &#8211; G\u00f6d\u00f6ll\u0151 &#8220;]\n<p style=\"text-align: justify;\">Je d\u00e9sirais remercier dans cette soir\u00e9e fantastique pour le fait que j\u2019ai eu l\u2019occasion\u00a0 de faire partie de cet excellent spectacle interactif Strauss. Je l\u2019ai attendu avec beaucoup enthousiasme parce que je ne savais pas comment sonneraient ces \u0153uvres (par ex. Tic-Tac Polka, Radetzky Marsch) adapt\u00e9es au piano.<\/p>\n<p style=\"text-align: justify;\">Mais, laissez-moi commencer du d\u00e9but\u00a0!<\/p>\n<p style=\"text-align: justify;\">Quand j\u2019ai entr\u00e9 dans la salle, j\u2019avais d\u00e9j\u00e0 ce sentiment que je me trouvais dans un endroit tr\u00e8s bon. Tout le monde a salu\u00e9, fait qui m\u2019a beaucoup plu. Au d\u00e9but du spectacle, par la poign\u00e9e des mains une atmosph\u00e8re intime presque familiale a \u00e9t\u00e9 cr\u00e9\u00e9e. Le spectacle a \u00e9t\u00e9 fantastique, la sociabilit\u00e9, l\u2019amour pour le public a \u00e9t\u00e9 senti en permanence.<\/p>\n<p style=\"text-align: justify;\">Le spectacle interactif est actuel, parce que les exp\u00e9riences montrent que tr\u00e8s peu jeunes fr\u00e9quentent des concerts de musique classique, les jeunes le voient comme \u00e9v\u00e9nement d\u2019une \u00e9poque en disparition, mais par cette mani\u00e8re de pr\u00e9sentation ils peuvent aussi \u00eatre enchant\u00e9s et de cette fa\u00e7on aimer \u00ab\u00a0la vraie musique\u00a0\u00bb pour toute la vie. J\u2019appr\u00e9cie tr\u00e8s beaucoup que vous avez mit l\u2019accent sur le fait de lire, de nous inscrire \u00e0 la biblioth\u00e8que et d\u2019emprunter des livres. Le th\u00e8me a \u00e9t\u00e9 aussi tr\u00e8s bon, parce que j\u2019ai su beaucoup de choses sur Johann Strauss jr.<\/p>\n<p style=\"text-align: justify;\">\u00a0Vous avez impressionn\u00e9 le public avec votre jeu! Vous \u00eates une \u00e9toile lumineuse, qui s\u2019\u00e9l\u00e8ve dans sa propre carri\u00e8re, qui doit \u00eatre laiss\u00e9e se r\u00e9aliser sur les ailes de la musique.<\/p>\n<p style=\"text-align: justify;\">Je ne peux pas exprimer ma reconnaissance et la joie, quel bien je me suis senti et vous avez r\u00e9ussi nous faire oublier les probl\u00e8mes de tous les jours. Merci aux organisateurs, \u00e0 Erika, qui a soutenu votre travail. Je vous d\u00e9sir de nous rendre notre vie plus belle avec beaucoup de spectacles et le travail que vous d\u00e9posez qu\u2019il retrouve la r\u00e9compense \u00e0 la mesure et que vous ayez des succ\u00e8s!<\/p>\n<p style=\"text-align: justify;\">Je vous d\u00e9sir du bien avec une citation de\u00a0Kod\u00e1ly:<\/p>\n<p style=\"text-align: justify;\">\u00abQue les grandes \u0153uvres de la musique se rendent connues et aim\u00e9es \u00e0 l\u2019esprit d\u00e9sireux, qui souvent peuvent \u00eatre acc\u00e9d\u00e9es avec des instruments si simples. Que la vraie musique se montre aux milliards des gens et de cette fa\u00e7on ceux-ci deviennent plus heureux et meilleurs.\u00a0\u00bb<\/p>\n[\/et_pb_accordion_item][et_pb_accordion_item title=&#8221;Porkol\u00e1b B\u00f6be &#8211; Oradea &#8221; open=&#8221;off&#8221; title_font_size=&#8221;15&#8243; use_border_color=&#8221;off&#8221; border_color=&#8221;#ffffff&#8221; border_width=&#8221;1px&#8221; border_style=&#8221;solid&#8221; disabled=&#8221;off&#8221;]\n<p style=\"text-align: justify;\">Trop estim\u00e9 M. l\u2019artiste !<\/p>\n<p style=\"text-align: justify;\">Premi\u00e8rement je d\u00e9sire vous remercier pour le merveilleux apr\u00e8s-midi de Strauss, pour moi c\u2019\u00e9tait l\u2019exp\u00e9rience \u00e9norme et je crois qu\u2019aussi pour autres. Vraiment on peut \u00eatre orgueilleux parce que dans notre ville il y a une personne qui poss\u00e8de aupr\u00e8s de la culture musicale aussi l\u2019habilite de pr\u00e9sentateur merveilleux.\u00a0 Je peux seulement vous f\u00e9liciter.<\/p>\n<p style=\"text-align: justify;\">Ce que j\u2019ai estim\u00e9 toujours est le fait que toujours, en laissant du c\u00f4t\u00e9 la fatigue, il a essay\u00e9 toujours d\u2019approcher le plus possible les spectateurs d\u2019Oradea, presque son amour vers les hommes radie. (vous \u00eates une personne avec radiations positive).<\/p>\n<p style=\"text-align: justify;\">On pouvait voire comme les hommes m\u00eame debout ont suivi jusqu&#8217;\u00e0 la fin le concert, pour moi a \u00e9t\u00e9 une joie voire les hommes en partant avec les sourires sur les visages, mon opinion est que toute le monde a eu partie d\u2019exp\u00e9riences extraordinaires et qu\u2019il apprit beaucoup des choses.<\/p>\n<p style=\"text-align: justify;\">J\u2019esp\u00e8re avoir encore partie de tels moments, pour cela je vous d\u00e9sire sant\u00e9. Combien je vos et quant Bin Dieu m\u2019aide l\u00e0-bas sera toujours mon lieu, comme j\u2019ai fait jusqu&#8217;\u00e0 pr\u00e9sent. Ce jeu, \u00e0 mon \u00e2me est m\u00e9dicament.<\/p>\n[\/et_pb_accordion_item][et_pb_accordion_item title=&#8221;L\u00e9glern\u00e9 Thurz\u00f3 Gy\u00f6ngyi &#8211; Budapest&#8221;]\n<p style=\"text-align: justify;\">Cher\u00a0Zolt\u00e1n!<\/p>\n<p style=\"text-align: justify;\">J\u2019ai aim\u00e9 tr\u00e8s beaucoup la soir\u00e9e Strauss! C\u2019\u00e9tait une soir\u00e9e excellente.<\/p>\n<p style=\"text-align: justify;\">Pour moi la mani\u00e8re d\u2019interpr\u00e9tation a \u00e9t\u00e9 l\u2019une nouvelle, la mani\u00e8re dans laquelle elle a \u00e9t\u00e9 structur\u00e9e, pas \u00e0 pas, depuis le d\u00e9but jusqu&#8217;\u00e0 Radetzky march.<\/p>\n<p style=\"text-align: justify;\">Le ton direct, amitieux, la serrure des mains de ceux du voisinage, les petits scenarios ludiques, avec les lettres cach\u00e9es, ont \u00e9t\u00e9 des id\u00e9es tr\u00e8s originales!<\/p>\n<p style=\"text-align: justify;\">J\u2019ai \u00e9cout\u00e9 avec saveur les choses que tu nous as fait connues, des choses int\u00e9ressantes, une cha\u00eene d\u2019informations, parmi lesquelles aussi les plus petits d\u00e9tails de la vie de Strauss et sur l\u2019\u00e9poque dans laquelle il a v\u00e9cu!<\/p>\n<p style=\"text-align: justify;\">Et le jeu vertueux de piano je le mentionne \u00e0 la fin, mais non sans raison.<\/p>\n<p style=\"text-align: justify;\">J\u2019attends le prochain spectacle pour avoir partie de nouveau d\u2019une telle exp\u00e9rience fantastique!<\/p>\n<p style=\"text-align: justify;\">Je te d\u00e9sir beaucoup de succ\u00e8s dans ton travail!<\/p>\n[\/et_pb_accordion_item][et_pb_accordion_item title=&#8221;Dani \u00c9va &#8211; Oradea&#8221; open=&#8221;off&#8221; title_font_size=&#8221;15&#8243; use_border_color=&#8221;off&#8221; border_color=&#8221;#ffffff&#8221; border_width=&#8221;1px&#8221; border_style=&#8221;solid&#8221; disabled=&#8221;off&#8221;]\n<p>Cher Zoltan !<\/p>\n<p>En quelques mots je vous dis mon impression sur le concert. Naturellement comme un spectateur, auditeur qui pour la premi\u00e8re fois a particip\u00e9 \u00e0 votre spectacle. J\u2019ai toujours \u00e9t\u00e9 inform\u00e9 aussi des spectacles ant\u00e9rieurs. Mais malheureusement toujours apr\u00e8s. M\u00eame pour cela j\u2019ai pens\u00e9 vous ajouter en Facebook et de cette fa\u00e7on \u00e0 la premi\u00e8re main j\u2019ai \u00e9t\u00e9 inform\u00e9 des p\u00e9riodes des spectacles. (en fait, merci pour m\u2019avoir accept\u00e9).<\/p>\n<p>Et maintenant,\u00a0 je commence \u00e0 vous raconter l\u2019exp\u00e9rience v\u00e9cue, naturellement avec l\u2019exp\u00e9rience d\u2019une amatrice. Les critiques que soient exerc\u00e9es par ceux qui sont qualifi\u00e9s pour cela.<\/p>\n<p>Il a \u00e9t\u00e9 tr\u00e8s amusant, car c\u2019est total \u00e9couter seulement la musique et autre la vivre avec l\u2019interpr\u00e8te. La communication avec les spectateurs a \u00e9t\u00e9 agr\u00e9e par toute le monde car en ces moments l\u2019auditeur sera partie du spectacle,\u00a0 et un frisson t\u2019embrasse que tu contribue \u00e0 la naissance de l\u2019atmosph\u00e8re.\u00a0 Je crois que les hommes veulent ces contributions surtout dans un monde si pr\u00e9cipit\u00e9, chaotique, dans lequel l\u2019approche est n\u00e9cessaire.\u00a0 Je crois que la sinc\u00e9rit\u00e9 a ensorcel\u00e9 tous, car cela a fait s\u2019approcher plus l\u2019un de l\u2019autre, il a cr\u00e9e l\u2019atmosph\u00e8re famili\u00e8re justement entre les \u00e9trang\u00e8res.<\/p>\n<p>Comme \u00e0 un auditeur amateur, j\u2019ai aim\u00e9 tr\u00e8s beaucoup les pi\u00e8ces \u00e9cout\u00e9es, et pour mois c\u2019est la preuve le fait qu\u2019un seul piano, ou il pourrait s\u2019agir de tout autre instrument musical, peut offrir des moments, des exp\u00e9riences comme une orchestre compl\u00e8te.\u00a0 (au contraire !!! Naturellement il est n\u00e9cessaire un ma\u00eetre qui peut cr\u00e9er cela).\u00a0 Je personnellement ai pu m\u2019imaginer devant l\u2019agitation de ce temps.<\/p>\n<p>Avec mon mari, j\u2019ai senti, une petite absence de la g\u00e9n\u00e9ration plus jeune. Avec cela je ne crois pas qu\u2019une partie de la g\u00e9n\u00e9ration plus jeune ne pr\u00e9f\u00e9rerait ce gendre de musique, surtout l\u2019interpr\u00e9tation et le contact avec l\u2019interpr\u00e8te.\u00a0 Qui participe une fois a untel spectacle, il d\u00e9sirera de nouveau participer.<\/p>\n<p>Moi personnellement (et je crois qu\u2019il y a encore beaucoup qui pensent comme moi), je me rejois \u00e9norm\u00e9ment qu\u2019on a donn\u00e9 cours\u00a0 \u00e0 une telle organisation, pour laquelle je peux vous f\u00e9liciter et j\u2019esp\u00e8re qu\u2019elle devient coutume. J\u2019ai appr\u00e9ci\u00e9 le spectacle et l\u2019atmosph\u00e8re, l\u2019interpr\u00e8te, l\u2019humour.\u00a0 Tout est merveilleux qui est naturel et humain.<\/p>\n[\/et_pb_accordion_item][et_pb_accordion_item title=&#8221;Nagyv\u00e1radi Sz\u0171cs Mih\u00e1ly &#8211; Solym\u00e1r&#8221;]\n<p style=\"text-align: justify;\">Estim\u00e9 M. L\u2019Artiste\u00a0! Cher compatriote\u00a0!<\/p>\n<p style=\"text-align: justify;\">De mani\u00e8re cat\u00e9gorique je peux affirmer que dans cette soir\u00e9e merveilleuse vous m\u2019avez fait comme cadeau le plus grand \u00e9v\u00e9nement des ann\u00e9es qui restent de ma vie. C\u2019\u00e9tait une grande surprise d\u2019apporter ensemble Chopin et la dynastie Strauss dans le cadre d\u2019un spectacle. Je ne me sens pas au concert mais dans une compagnie agr\u00e9able, parce que Vous avez pr\u00e9sent\u00e9 le spectacle d\u2019une mani\u00e8re si directe, que vous n\u2019avez eu besoin ni de podium, vous avez v\u00e9cu avec nous et vous nous avez enrichi l\u2019aime. Votre cadeau, auquel j\u2019ai eu partie est consid\u00e9r\u00e9 comme alimentation spirituelle. Comme soigneur de sp\u00e9cialit\u00e9, souvent j\u2019ai donn\u00e9 \u00e0 mes soign\u00e9s des activit\u00e9s concernant la litt\u00e9rature. Vous avez offert au public de la musique-th\u00e9rapie avec grand succ\u00e8s. Mon vocabulaire est si pauvre, que je ne peux pas remercier votre exp\u00e9rience avec la dignit\u00e9 correspondante. Je prie \u00e0 Dieu\/ au destin que vous ayez une carri\u00e8re brillante, en enrichissant les succ\u00e8s des pr\u00e9d\u00e9cesseurs, et les valeurs de la musique classique du Paris du bord Pe\u021ba.<\/p>\n[\/et_pb_accordion_item][et_pb_accordion_item title=&#8221;Bajusz Marika &#8211; Oradea&#8221; open=&#8221;off&#8221; title_font_size=&#8221;15&#8243; use_border_color=&#8221;off&#8221; border_color=&#8221;#ffffff&#8221; border_width=&#8221;1px&#8221; border_style=&#8221;solid&#8221; disabled=&#8221;off&#8221;]\n<p>On pense qu\u2019Oradea a un L. Brensteinje. Les spectateurs hongrois, ont pu suivre dans notre ville un spectacle instructif, spirituel distractif et professionnel. La grande exp\u00e9rience et inoubliable a \u00e9t\u00e9 la soir\u00e9e.\u00a0 On lui fait connaitre\u2026 ! Des remerciements reconnaissants Estim\u00e9 Monsieur artiste<\/p>\n[\/et_pb_accordion_item][et_pb_accordion_item title=&#8221;Pik\u00f3 Matild &#8211; Oradea&#8221; open=&#8221;off&#8221; title_font_size=&#8221;15&#8243; use_border_color=&#8221;off&#8221; border_color=&#8221;#ffffff&#8221; border_width=&#8221;1px&#8221; border_style=&#8221;solid&#8221; disabled=&#8221;off&#8221;]\n<p>Comme il est probable aussi pour autres, moi aussi j\u2019ai un programme strict, celui d\u2019\u00e9couter le concert de la Nouvelle Ann\u00e9e d\u2019Autriche. Pour cela j\u2019ai me r\u00e9jouis \u00e9norm\u00e9ment quant s\u2019est pr\u00e9sent\u00e9 cette soir\u00e9e de Strauss.\u00a0 Je connais l\u2019espace, et l\u2019artiste je l\u2019ai attendu beaucoup.<\/p>\n<p>Plusieurs fois j\u2019ai d\u00e9j\u00e0 particip\u00e9 aux concerts mais cette fois il m\u2019a surpris combiens des personnes a particip\u00e9 \u00e0 ce concert. Pour moi il est important et agr\u00e9able comme l\u2019artiste Thurzo Zoltan descend entre les spectateurs, il quitte la sc\u00e8ne pour apporter la musique plus proche des hommes. Des choses int\u00e9ressantes on peut savoir sur les auteurs et sur les pi\u00e8ces. La pi\u00e8ce \u00e9cout\u00e9e \u00e9tait connue et agr\u00e9able par tous,\u00a0 m\u00eame si elles n\u2019ont pas \u00e9t\u00e9 connues par nous, de cette fa\u00e7on je les ai appris et je les ai aim\u00e9. Il est inhabituel r\u00e9\u00e9couter au piano polca triccs-traccs et Radetzky, aussi int\u00e9ressant. La reformation n\u2019a pris rien de la beaut\u00e9 de la musique et de la m\u00e9lodie, seulement elle est habit\u00e9e en v\u00eatements nouveaux. A l\u2019interpr\u00e9tation de l\u2019artiste en style habituel, et le ph\u00e9nom\u00e8ne, de la valse de Strauss, il nous a caress\u00e9 les \u00e2mes, il nous a fait oublier les pens\u00e9es qui nous inqui\u00e8tent chaque jour, et il nous a donn\u00e9 la chance d\u2019\u00eatre ensembles entre nouveaux amours, aimants de la musique, des hommes de la ville d\u2019Oradea.<\/p>\n<p>J\u2019esp\u00e8re avoir donne t\u00f4t la chance de participer \u00e0 un nouveau concert.<\/p>\n[\/et_pb_accordion_item][et_pb_accordion_item title=&#8221;Ol\u00e1h \u00c9va &#8211; Oradea&#8221; open=&#8221;off&#8221; title_font_size=&#8221;15&#8243; use_border_color=&#8221;off&#8221; border_color=&#8221;#ffffff&#8221; border_width=&#8221;1px&#8221; border_style=&#8221;solid&#8221; disabled=&#8221;off&#8221;]\n<p>Cher Thurzo Zoltan artiste pianiste, premi\u00e8rement je tiens de vous remercier pour la particuli\u00e8re soir\u00e9e \u00e0 laquelle j\u2019ai pu participer avec mon fils, Mark qui a 9 ans et il a \u00e9t\u00e9 tr\u00e8s heureux qu\u2019il a eu la chance d\u2019\u00eatre pr\u00e9sent. J\u2019ai enregistr\u00e9 quelques pi\u00e8ces avec le t\u00e9l\u00e9phone mobile, et dans el chemin vers la maison je les ai \u00e9cout\u00e9s et \u00e0 quelques jours mon fils a pos\u00e9 une m\u00e9lodie d\u2019entre elles comme ton d\u2019appel<\/p>\n<p>Nous avons aim\u00e9 beaucoup ce que vous avez racont\u00e9 de jr. Johann Strauss,\u00a0 je crois que nous n\u2019oublierons jamais. Il a \u00e9t\u00e9 compris par tous avec des explications claires. Il a \u00e9t\u00e9 beau que les spectateurs aussi ont eu la chance de parler\u2026 on a \u00e9cout\u00e9 leur voix m\u00e9lodieuses. Plusieurs fois j\u2019ai senti que je vole de bonheur si bien je me suis senti.<\/p>\n<p>Une autre fois je vous remercie et j\u2019attends le suivant spectacle artistique !<\/p>\n[\/et_pb_accordion_item][et_pb_accordion_item title=&#8221;Horv\u00e1th Hajnalka &#8211; Oradea&#8221; open=&#8221;off&#8221; title_font_size=&#8221;15&#8243; use_border_color=&#8221;off&#8221; border_color=&#8221;#ffffff&#8221; border_width=&#8221;1px&#8221; border_style=&#8221;solid&#8221; disabled=&#8221;off&#8221;]\n<p>Cher Zoltan !<\/p>\n<p>Premi\u00e8rement je vous remercie pour l\u2019invitation, (merci avec le mari), nous nous somme senti tr\u00e8s bien.<\/p>\n<p>Il est vrai que j\u2019adore Strauss, mais sinc\u00e8rement ici je n\u2019ai pu m\u2019imaginer comme il est \u00e9couter au piano les plusieurs \u0153uvres\u00a0 connues.\u00a0 Il a \u00e9t\u00e9 int\u00e9ressant \u00e9couter de nouveau le valse Le Danube Bleu la m\u00e9lodie tranquille, au piano, ou le rythme vigoureux de Radeczky. Il m\u2019a surpris de mani\u00e8re agr\u00e9able, il a \u00e9t\u00e9 fantastique la r\u00e9interpr\u00e9tation au piano. Sinc\u00e8rement, mon pr\u00e9f\u00e9r\u00e9 Sang de Vienne a \u00e9t\u00e9. Ce qui est arriv\u00e9 vraiment \u00e0 mon c\u0153ur et \u00e0 mon \u00e2me, ce qui m\u2019a appelle beaucoup de l\u2019atmosph\u00e8re de Vienne.<br \/>\n Les pi\u00e8ces connues ont \u00e9t\u00e9 agr\u00e9ables, interpr\u00e9t\u00e9es dans les orchestres, les r\u00e9\u00e9couter au piano.<\/p>\n<p>Nous somme \u00e9norm\u00e9ment contents pour avoir ou participer au spectacle, et nous attendons avec impatience les concerts similaires.<\/p>\n<p>Avec sympathie.<\/p>\n[\/et_pb_accordion_item][et_pb_accordion_item title=&#8221;Nagy Csilla &#8211; Oradea&#8221; open=&#8221;off&#8221; title_font_size=&#8221;15&#8243; use_border_color=&#8221;off&#8221; border_color=&#8221;#ffffff&#8221; border_width=&#8221;1px&#8221; border_style=&#8221;solid&#8221; disabled=&#8221;off&#8221;]\n<p>Cher Zoltan !<\/p>\n<p>Le concert Strauss a d\u00e9pass\u00e9 toutes mes attentes,. Le particulier jeu de piano,\u00a0 lui a fait plus particulier, plus color\u00e9, plus complexe, les \u00e9v\u00e9nements \u00e9cout\u00e9s au long de la soir\u00e9e. Moi au j\u2019ai lu sut la vie de Strauss, mais cependant j\u2019ai su des nouvelles choses. Mon opinion est que c\u2019\u00e9tait une id\u00e9e tr\u00e8s bonne, avec des souvenirs, des \u00e9v\u00e9nements, des id\u00e9es int\u00e9ressantes pour condimenter ce spectacle.<\/p>\n<p>Je me suis senti tr\u00e8s bien et j\u2019attends avec impatience le spectacle de mars de philarmonique.<\/p>\n<p>Je vous d\u00e9sire de la chance en continuation !<\/p>\n[\/et_pb_accordion_item][et_pb_accordion_item title=&#8221;Ol\u00e1h Gizella &#8211; Oradea&#8221; open=&#8221;off&#8221; title_font_size=&#8221;15&#8243; use_border_color=&#8221;off&#8221; border_color=&#8221;#ffffff&#8221; border_width=&#8221;1px&#8221; border_style=&#8221;solid&#8221; disabled=&#8221;off&#8221;]\n<p>Bonjour!<\/p>\n<p>Premi\u00e8rement des f\u00e9licitations pour la soir\u00e9e merveilleuses, avec laquelle tu m\u2019as offert la derni\u00e8re semaine. J\u2019ai aim\u00e9 beaucoup\u00a0 le style d\u2019interpr\u00e9tation et ta l\u00e9g\u00e8ret\u00e9.<\/p>\n<p>Il est appr\u00e9ciable qu\u2019on n\u2019ait pas senti qu\u2019il \u00e9tait sur la sc\u00e8ne- et des spectateurs, que tu as r\u00e9ussi faire\u00a0 dispara\u00eetre ce sentiment, par le fait que tu te promenais, tu expliquais en cherchant le contact visuel avec ceux pr\u00e9sents. Avec cela tu as r\u00e9ussi cr\u00e9er une atmosph\u00e8re famili\u00e8re. \u00ab Je vous raconte dans le m\u00eame temps,\u00a0 je cherche que vous reste mieux\u00a0 imprim\u00e9 entre vous, tout ce que j\u2019aurais voulu offrir. \u00bb<\/p>\n<p>Telles chose tu nous as fait conna\u00eetre, tu nous as racont\u00e9, ce que pur moi ont \u00e9t\u00e9 nouvelles.\u00a0 J\u2019ai cru avoir su sur Strauss, et voila\u2026 il ressemble que je n\u2019ai pas lu assez sur lui\u2026Avec ton r\u00e9ussi jeu de piano, tu as obtenu que les hommes meuvent ses mains, les pieds et m\u00eame s\u2019\u00e9lever des chaises et commencer \u00e0 danser. Cela signifie que le spectateur est attentif \u00e0 l\u2019artiste et \u00e0 l\u2019interpr\u00e9tation\u2026<\/p>\n<p>Et quelque chose, ce que j\u2019aimerais beaucoup te rencontrer, comme r\u00e9compense car seulement maintenant je t\u2019ai \u00e9crie. <br \/>\n Que pour la premi\u00e8re fois j\u2019ai \u00e9t\u00e9 en Vienne \u00e0 la philarmonique dans une nuit d\u2019\u00e9t\u00e9 et j\u2019ai vu comme on se pr\u00e9pare, comme ils font l\u2019apparition au concert de soir\u00e9e, alors j\u2019ai compris vraiment la tranquillit\u00e9 du concert d\u2019\u00e9t\u00e9.\u00a0 Comme il est su le concert est organis\u00e9 dans le cour du ch\u00e2teau Schonbrunn, o\u00f9 il est bien organis\u00e9 et mis au point, en ayant soin des d\u00e9tails pour que l\u2019espace vert ne soit pas pi\u00e9tin\u00e9\u2026 devant la sc\u00e8ne une multitude de chaises\u2026 mais derniers sur l\u2019espace vert des boxes et des projecteurs, donc il n\u2019est pas obligatoire te presser devant la sc\u00e8ne.\u00a0 Le fait qu\u2019il y a beaucoup de jeunes de diff\u00e9rentes cat\u00e9gories d\u2019\u00e2ge et des ethnies m\u2019a capt\u00e9, avec des tenues \u00e9l\u00e9gantes, sport, etc.\u00a0 en posant des couvertures sut l\u2019herbe, ils restent et ils suivent le concert sur les projecteurs, ils servent de leur panier de piquenique, parfois ils s\u2019\u00e9l\u00e8vent pour un vals, et tout est si beau et tranquille\u2026<br \/>\n Ces exp\u00e9riences v\u00e9cues en Autriche j\u2019ai r\u00e9ussi vivre \u00e0 ton concert, sans panier de pique-nique, en sentant cette l\u00e9g\u00e8ret\u00e9, le naturel qui a caract\u00e9ris\u00e9 la soir\u00e9e.<\/p>\n<p>Remerciements pour cela, Mais il faut reconnaitre sinc\u00e8rement, Strauss est Strauss\u2026.<\/p>\n[\/et_pb_accordion_item][et_pb_accordion_item title=&#8221;De\u00e1k Anik\u00f3 &#8211; Oradea&#8221; open=&#8221;off&#8221; title_font_size=&#8221;15&#8243; use_border_color=&#8221;off&#8221; border_color=&#8221;#ffffff&#8221; border_width=&#8221;1px&#8221; border_style=&#8221;solid&#8221; disabled=&#8221;off&#8221;]\n<p>La v\u00e9rit\u00e9 est que j\u2019aime la musique classique, mais pas\u00a0 tout.<\/p>\n<p>Quant j\u2019ai su que de nouveau tu auras concert au piano, j\u2019au attendu avec impatience parce que j\u2019aime beaucoup \u00e9couter comme on chant au piano. Quant j\u2019ai fait des pas dans la salle, la premi\u00e8re impression a \u00e9t\u00e9 qu\u2019on va \u00e9couter quelques chansons avec des vers et un-deux termine l\u2019heure. En \u00e9change, j\u2019ai \u00e9t\u00e9 surprise que j\u2019aie pu \u00eatre pr\u00e9sente \u00e0 un tel concert merveilleux. Jusqu&#8217;\u00e0 pr\u00e9sent je n\u2019ai pas su beaucoup sur Strauss, mais gr\u00e2ce \u00e0 toi j\u2019ai l\u2019int\u00e9r\u00eat. La partie quant tu nous a pr\u00e9sent\u00e9 la vie de Strauss a \u00e9t\u00e9 tr\u00e8s int\u00e9ressante. Particuli\u00e8rement j\u2019ai aim\u00e9 comme tu as \u00e9t\u00e9 l\u00e9ger et direct et comme tu nous as expliqu\u00e9 en d\u00e9tail sur sa vie. En ce temps tu joue au piano, d\u2019ici on pouvait se rendre compte de ta pr\u00e9paration. De nouveau merci.<\/p>\n<p>Le tic-tac a \u00e9t\u00e9 la cerise sur le g\u00e2teau !<\/p>\n<p>C\u2019\u00e9tait un plaisir rester l\u00e0-bas et t\u2019\u00e9couter<\/p>\n<p>J\u2019ai quitt\u00e9 la salle enchant\u00e9 du point de vue animique. Je me suis senti \u00e9quilibr\u00e9, heureuses, et j\u2019ai senti la libert\u00e9. Comme j\u2019aurais vol\u00e9, et m\u00eame j\u2019ai vol\u00e9, au passe, dans une monde dans lequel je n\u2019ai pas \u00e9t\u00e9 n\u00e9e.<\/p>\n<p>Finalement, cette soir\u00e9e fantastique, ce voyage dans le temps, l\u2019exp\u00e9rience, je peux te remercier.<\/p>\n[\/et_pb_accordion_item][et_pb_accordion_item title=&#8221;Szab\u00f3 Orsi &#8211; Oradea&#8221; open=&#8221;off&#8221; title_font_size=&#8221;15&#8243; use_border_color=&#8221;off&#8221; border_color=&#8221;#ffffff&#8221; border_width=&#8221;1px&#8221; border_style=&#8221;solid&#8221; disabled=&#8221;off&#8221;]\n<p>Cher Zoltan,<\/p>\n<p>J\u2019aimerais te remercier pour l\u2019exp\u00e9rience agr\u00e9able que j\u2019ai, un apr\u00e8s-midi ennuyant de dimanche, j\u2019adore vivre en Oradea, mais parfois j\u2019ai l\u2019impression que je ne re\u00e7ois pas assez int\u00e9r\u00eat intellectuel\u2026 pour cela je te remercie pour la soir\u00e9e.<\/p>\n<p>Le style d\u2019interpr\u00e9tation m\u2019a pla\u00eet tr\u00e8s beaucoup parce que j\u2019ai pu m\u2019imaginer un peut dans ce monde dans lequel a v\u00e9cu Strauss, j\u2019ai pu comprendre mieux le contexte dans lequel on a \u00e9crit ces \u0153uvres. Du point de vue musical, j\u2019ai aim\u00e9 \u00e9norm\u00e9ment le choix fait, ce qui pourrait \u00eatre peut-\u00eatre mieux, \u00e9tait seulement le lieu, c\u2019est seulement une opinion la\u00efque.\u00a0 J\u2019ai eu l\u2019impression que l\u2019acoustique n\u2019\u00e9tait pas la meilleure dans cette salle. Aussi je regardais avec joie que la salle a \u00e9t\u00e9 pleine de spectateurs, peut \u00eatre plus qu\u2019on a pr\u00e9vu. Pour cela j\u2019ai pense que la prochaine fois, au suivant concert peut-\u00eatre il serait mieux une salle ou un espace plus grand.<\/p>\n[\/et_pb_accordion_item][et_pb_accordion_item title=&#8221;Beg\u00e1nyi Enik\u0151 &#8211; Oradea&#8221; open=&#8221;off&#8221; title_font_size=&#8221;15&#8243; use_border_color=&#8221;off&#8221; border_color=&#8221;#ffffff&#8221; border_width=&#8221;1px&#8221; border_style=&#8221;solid&#8221; disabled=&#8221;off&#8221;]\n<p>Cher Zoltan!<\/p>\n<p>Premi\u00e8rement je tiens de m\u2019excuser pour le fait que je t\u2019ai ajout\u00e9 au Facebook,\u00a0 sans nous connaitre, mais j\u2019esp\u00e8re avoir l\u2019occasion.<\/p>\n<p>A ton concert de dimanche je suis all\u00e9 avec des \u00e9motions parce que j\u2019ai attendu ce moment avec impatience et j\u2019ai \u00e9t\u00e9 curieuse et j\u2019ai eu la chance, que je suis all\u00e9 seule, J\u2019ai trouv\u00e9 une chaise libre, je me suis assis et je me suis perdu dans ton interpr\u00e9tations.<\/p>\n<p>Il a \u00e9t\u00e9 merveilleux t\u2019\u00e9couter, je me suis charg\u00e9 positivement et j\u2019esp\u00e8re \u00eatre comme \u00e7a jusqu&#8217;\u00e0 ton concert suivant ou spectacle.<\/p>\n<p>Ton talent artistique est incontestable, et ton style unique par lequel tu offre des informations sur Strauss et sa famille, que je savais, peut-\u00eatre, apr\u00e8s plusieurs heures de lire des livres.<\/p>\n<p>Nous avons besoin de tels artistes comme toi pour Oradea, Oradea qui a besoin de pulse., vivre, vie culturel qu\u2019elle m\u00e9rite, car ici est notre lieu, ici nous somme n\u00e9s.<\/p>\n<p>Je suis orgueilleuse de toi,\u00a0 que telles personnes pr\u00e9cieuses habitent ici, come tu est, tu es direct avec tes spectateurs.<\/p>\n<p>J\u2019ai voyag\u00e9 beaucoup, peut-\u00eatre cent de kilom\u00e8tres. Pour rencontrer les artistes pr\u00e9f\u00e9r\u00e9s, quant on a si proche un artiste qu\u2019on doit appr\u00e9cier.<\/p>\n<p>Cher Zoltan, moi encore une fois je voudrais te f\u00e9liciter, et je te d\u00e9sire une carri\u00e8re de succ\u00e8s \u00e0 l\u2019avenir !!<\/p>\n[\/et_pb_accordion_item][et_pb_accordion_item title=&#8221;Kriszitna Bordei &#8211; Oradea&#8221; open=&#8221;off&#8221; title_font_size=&#8221;15&#8243; use_border_color=&#8221;off&#8221; border_color=&#8221;#ffffff&#8221; border_width=&#8221;1px&#8221; border_style=&#8221;solid&#8221; disabled=&#8221;off&#8221;]\n<p>Je ne suis pas l\u2019homme des paroles (je calcule plus que j\u2019\u00e9cris), mais cependant j\u2019essaie d\u2019\u00e9crire plus d\u2019un WOW. J\u2019ai profite beaucoup du spectacle, comme tu as pu offrir avec le piano des d\u00e9tails qui se meuvent. Et aussi les conversations, les histoires offertes dans pendant le jeu de piano, ont \u00e9t\u00e9 fantastiques, j\u2019ai appris beaucoup, ce que je n\u2019ai pas su jusqu&#8217;\u00e0 ce moment et je n\u2019ai pas su, ni j\u2019ai lu. J\u2019ai profite beaucoup,\u00a0 comme j\u2019ai \u00e9t\u00e9 dans un salon en Vienne. J\u2019attends le suivant concert.<\/p>\n[\/et_pb_accordion_item][et_pb_accordion_item title=&#8221;Ehik Enik\u0151 &#8211; Oradea&#8221; open=&#8221;off&#8221; title_font_size=&#8221;15&#8243; use_border_color=&#8221;off&#8221; border_color=&#8221;#ffffff&#8221; border_width=&#8221;1px&#8221; border_style=&#8221;solid&#8221; disabled=&#8221;off&#8221;]\n<p>Apr\u00e8s le concert Strauss, j\u2019ai regrette beaucoup pour ne pas pouvoir \u00eatre pr\u00e9sent \u00e0 ton concert Chopin du d\u00e9cembre.<\/p>\n<p>La v\u00e9rit\u00e9 est qu\u2019il est assez difficile pour moi redonner en mots mes pens\u00e9es. : )<\/p>\n<p>Dans le stress journalier et le monde pr\u00e9cipit\u00e9 d\u2019aujourd\u2019hui l\u2019une, deux heures ont \u00e9t\u00e9 une merveille. Au mois pour mois. <br \/>\n Travail pour appr\u00e9cier\u2026. Seulement sur le piano redonner ces \u0153uvres, aller en arri\u00e8re au pass\u00e9, en offrant une atmosph\u00e8re agr\u00e9able, en rappelant des histoires et des p\u00e9riodes habituelles du pass\u00e9, tout cela interpr\u00e9t\u00e9 en bref non d\u00e9crite\u2026 je peut seulement te f\u00e9liciter\u2026<\/p>\n<p>La salle a \u00e9t\u00e9 pleine jusqu\u2019 refus, mais 90% d\u2019entre les auditeurs, spectateurs ont \u00e9t\u00e9 des personnes de la troisi\u00e8me cat\u00e9gorie d\u2019\u00e2ge, et la g\u00e9n\u00e9ration jeune devrait savoir qu\u2019il y a dans notre ville aussi tels programmes interactifs, constructif, distractifs. <br \/>\n Comme j\u2019ai v\u00e9cu ton spectacle ?<\/p>\n<p>Je me souviens d\u2019un roman d\u2019Hemingway\u2026 pour qui les cloches tirent ou Bucsu des armes, je ne me souviens bien. L\u2019un commence avec des pens\u00e9es de la gitane\u00a0\u00a0 en qui elle exprime comme femme au long de la vie trois fois vit des joies comme elle serait entre les \u00e9toile\u2026 ne pas \u00eatre f\u00e2ch\u00e9 contre mois, mais\u00a0 comme \u00e7a je pourrais distinguer l\u2019exp\u00e9rience de ce concert<\/p>\n<p>A continuation, beaucoup de la chance : )<\/p>\n[\/et_pb_accordion_item][et_pb_accordion_item title=&#8221;Bordei Krisztina &#8211; Oradea&#8221; open=&#8221;off&#8221; title_font_size=&#8221;15&#8243; use_border_color=&#8221;off&#8221; border_color=&#8221;#ffffff&#8221; border_width=&#8221;1px&#8221; border_style=&#8221;solid&#8221; disabled=&#8221;off&#8221;]\n<p>En \u00e9coutant un concert de piano, tu va sentir comme le calme va remplir ton \u00e2me. La musique classique a des effets th\u00e9rapeutiques pour l\u2019\u00e2me. Cela j\u2019ai senti au concert Strauss.<\/p>\n[\/et_pb_accordion_item][et_pb_accordion_item title=&#8221;Deme J\u00f3zsi &#8211; Oradea&#8221; open=&#8221;off&#8221; title_font_size=&#8221;15&#8243; use_border_color=&#8221;off&#8221; border_color=&#8221;#ffffff&#8221; border_width=&#8221;1px&#8221; border_style=&#8221;solid&#8221; disabled=&#8221;off&#8221;]\n<p>Comme introduction, seulement, que j\u2019aime beaucoup la musique classique, mais, seulement \u00e0 un niveau d\u00e9butant.<\/p>\n<p>Le spectacle que tu as pr\u00e9sent\u00e9, pour moi a \u00e9t\u00e9 une exp\u00e9rience \u00e9norme, peut-\u00eatre aussi pour le fait que jusqu&#8217;\u00e0 pr\u00e9sent je n\u2019ai pas particip\u00e9 en ce type de concerts. Par le fait que tu as combin\u00e9 d\u2019une certaine fa\u00e7on les \u00e9v\u00e9nements avec le jeu de piano, ont fait que l\u2019atmosph\u00e8re\u00a0 soi plus agr\u00e9able, le concert plus sp\u00e9cial, plus magique. (mon opinion est, s\u2019il est possible, conserve cette habitude). J\u2019ai eu le sentiment que je me trouve dans un voyage dans le temps. Et c\u2019est comme j\u2019ai vu devant les yeux la culture de cette \u00e9poque-l\u00e0.<\/p>\n<p>Je sens que nous, les habitants d\u2019Oradea, nous avons besoin de la musique, de ton point de vue sur la vie, et du fait comme tu unis les deux choses pour nous les transmettre.<\/p>\n<p>C\u2019est tout, et j\u2019esp\u00e8re\u00a0 pouvoir \u00eatre pr\u00e9sent en plusieurs de tes concerts.<\/p>\n<p>Un beau jour je te d\u00e9sire.<\/p>\n[\/et_pb_accordion_item][et_pb_accordion_item title=&#8221;Puscas Carmen &#8211; Oradea&#8221; open=&#8221;on&#8221; title_font_size=&#8221;15&#8243; use_border_color=&#8221;off&#8221; border_color=&#8221;#ffffff&#8221; border_width=&#8221;1px&#8221; border_style=&#8221;solid&#8221; disabled=&#8221;off&#8221;]\n<p>\u00a0\u00ab\u00a0 Depuis longtemps j\u2019ai \u00e9t\u00e9 \u00e0 un concert, c\u2019est pour \u00e7a que je sais que je peut attendre un beau spectacle, Strauss seulement peut \u00eatre bon., La v\u00e9rit\u00e9 est que c\u2019\u00e9tait quelque chose de nouveau, parce que nous savons la musique de Strauss, comme une grande orchestre la joue. Mais le concert a te un peu diff\u00e9rent. Il a \u00e9t\u00e9 seulement un seul piano et cependant le sentiment, l\u2019exp\u00e9rience a \u00e9t\u00e9 comme s\u2019il avait \u00e9t\u00e9 tout un orchestre. Je crois que la musique s\u2019\u00e9coute avec les yeux ferm\u00e9s, mais dans cette soir\u00e9e-l\u00e0 la salle \u00e9tait pleine et cependant j\u2019\u00e9coutais debout avec les yeux ferm\u00e9s, mais cela ne nous a pas d\u00e9rang\u00e9. J\u2019avais des moments quand je m\u2019imaginais que j\u2019\u00e9tais au milieu d\u2019un bal et que je danse la valse. Merci Thurzo Zoli.,,<\/p>\n[\/et_pb_accordion_item] [\/et_pb_accordion][\/et_pb_column][\/et_pb_row][\/et_pb_section]\n","protected":false},"excerpt":{"rendered":"<p>[et_pb_section admin_label=&#8221;Section&#8221; transparent_background=&#8221;on&#8221; background_color=&#8221;#ffffff&#8221; allow_player_pause=&#8221;off&#8221; inner_shadow=&#8221;off&#8221; parallax=&#8221;off&#8221; parallax_method=&#8221;off&#8221; padding_mobile=&#8221;off&#8221; make_fullwidth=&#8221;off&#8221; use_custom_width=&#8221;off&#8221; width_unit=&#8221;on&#8221; custom_width_px=&#8221;1080px&#8221; custom_width_percent=&#8221;80%&#8221; make_equal=&#8221;off&#8221; use_custom_gutter=&#8221;off&#8221; fullwidth=&#8221;on&#8221; specialty=&#8221;off&#8221; disabled=&#8221;off&#8221;][et_pb_fullwidth_post_title admin_label=&#8221;Fullwidth Post Title&#8221; title=&#8221;on&#8221; meta=&#8221;off&#8221; author=&#8221;on&#8221; date=&#8221;on&#8221; date_format=&#8221;M j, Y&#8221; categories=&#8221;on&#8221; comments=&#8221;on&#8221; featured_image=&#8221;off&#8221; featured_placement=&#8221;below&#8221; parallax_effect=&#8221;on&#8221; parallax_method=&#8221;on&#8221; text_orientation=&#8221;center&#8221; text_color=&#8221;dark&#8221; text_background=&#8221;off&#8221; text_bg_color=&#8221;rgba(255,255,255,0.9)&#8221; title_font_size=&#8221;36&#8243; title_font_size_tablet=&#8221;29&#8243; title_font_size_phone=&#8221;20&#8243; title_text_color=&#8221;#fee29b&#8221; title_all_caps=&#8221;off&#8221; use_border_color=&#8221;off&#8221; border_color=&#8221;#ffffff&#8221; border_width=&#8221;1px&#8221; border_style=&#8221;solid&#8221; disabled=&#8221;off&#8221;] [\/et_pb_fullwidth_post_title][\/et_pb_section][et_pb_section admin_label=&#8221;section&#8221; transparent_background=&#8221;on&#8221; background_color=&#8221;#ffffff&#8221; allow_player_pause=&#8221;off&#8221; inner_shadow=&#8221;off&#8221; [&hellip;]<\/p>\n","protected":false},"author":1,"featured_media":6608,"comment_status":"open","ping_status":"open","sticky":false,"template":"","format":"standard","meta":{"footnotes":""},"categories":[115],"tags":[],"class_list":["post-8749","post","type-post","status-publish","format-standard","has-post-thumbnail","hentry","category-kozonsegvelemeny-fr"],"_links":{"self":[{"href":"https:\/\/thurzozoltan.com\/fr\/wp-json\/wp\/v2\/posts\/8749","targetHints":{"allow":["GET"]}}],"collection":[{"href":"https:\/\/thurzozoltan.com\/fr\/wp-json\/wp\/v2\/posts"}],"about":[{"href":"https:\/\/thurzozoltan.com\/fr\/wp-json\/wp\/v2\/types\/post"}],"author":[{"embeddable":true,"href":"https:\/\/thurzozoltan.com\/fr\/wp-json\/wp\/v2\/users\/1"}],"replies":[{"embeddable":true,"href":"https:\/\/thurzozoltan.com\/fr\/wp-json\/wp\/v2\/comments?post=8749"}],"version-history":[{"count":7,"href":"https:\/\/thurzozoltan.com\/fr\/wp-json\/wp\/v2\/posts\/8749\/revisions"}],"predecessor-version":[{"id":9128,"href":"https:\/\/thurzozoltan.com\/fr\/wp-json\/wp\/v2\/posts\/8749\/revisions\/9128"}],"wp:featuredmedia":[{"embeddable":true,"href":"https:\/\/thurzozoltan.com\/fr\/wp-json\/wp\/v2\/media\/6608"}],"wp:attachment":[{"href":"https:\/\/thurzozoltan.com\/fr\/wp-json\/wp\/v2\/media?parent=8749"}],"wp:term":[{"taxonomy":"category","embeddable":true,"href":"https:\/\/thurzozoltan.com\/fr\/wp-json\/wp\/v2\/categories?post=8749"},{"taxonomy":"post_tag","embeddable":true,"href":"https:\/\/thurzozoltan.com\/fr\/wp-json\/wp\/v2\/tags?post=8749"}],"curies":[{"name":"wp","href":"https:\/\/api.w.org\/{rel}","templated":true}]}}