{"id":2575,"date":"2016-07-20T08:36:27","date_gmt":"2016-07-20T08:36:27","guid":{"rendered":"http:\/\/thurzozoltan.com\/it\/?p=2575"},"modified":"2017-01-31T21:59:00","modified_gmt":"2017-01-31T21:59:00","slug":"il-mondo-di-strauss-e-al-di-la","status":"publish","type":"post","link":"https:\/\/thurzozoltan.com\/it\/il-mondo-di-strauss-e-al-di-la\/","title":{"rendered":"&#8220;Il mondo di Strauss&#8230;e al di l\u00e0!&#8221;"},"content":{"rendered":"[et_pb_section admin_label=&#8221;Section&#8221; fullwidth=&#8221;on&#8221; specialty=&#8221;off&#8221; transparent_background=&#8221;on&#8221; background_color=&#8221;#ffffff&#8221; allow_player_pause=&#8221;off&#8221; inner_shadow=&#8221;off&#8221; parallax=&#8221;off&#8221; parallax_method=&#8221;off&#8221; padding_mobile=&#8221;off&#8221; make_fullwidth=&#8221;off&#8221; use_custom_width=&#8221;off&#8221; width_unit=&#8221;on&#8221; make_equal=&#8221;off&#8221; use_custom_gutter=&#8221;off&#8221;][et_pb_fullwidth_post_title admin_label=&#8221;Fullwidth Post Title&#8221; title=&#8221;on&#8221; meta=&#8221;off&#8221; author=&#8221;on&#8221; date=&#8221;on&#8221; categories=&#8221;on&#8221; comments=&#8221;on&#8221; featured_image=&#8221;off&#8221; featured_placement=&#8221;below&#8221; parallax_effect=&#8221;on&#8221; parallax_method=&#8221;on&#8221; text_orientation=&#8221;center&#8221; text_color=&#8221;dark&#8221; text_background=&#8221;off&#8221; text_bg_color=&#8221;rgba(255,255,255,0.9)&#8221; module_bg_color=&#8221;rgba(255,255,255,0)&#8221; title_font_size=&#8221;36&#8243; title_font_size_tablet=&#8221;29&#8243; title_font_size_phone=&#8221;20&#8243; title_font_size_last_edited=&#8221;on|phone&#8221; title_text_color=&#8221;#fee29b&#8221; title_all_caps=&#8221;off&#8221; use_border_color=&#8221;off&#8221; border_color=&#8221;#ffffff&#8221; border_style=&#8221;solid&#8221;] [\/et_pb_fullwidth_post_title][\/et_pb_section][et_pb_section admin_label=&#8221;section&#8221; transparent_background=&#8221;on&#8221; background_color=&#8221;#ffffff&#8221; allow_player_pause=&#8221;off&#8221; inner_shadow=&#8221;off&#8221; parallax=&#8221;off&#8221; parallax_method=&#8221;off&#8221; padding_mobile=&#8221;off&#8221; make_fullwidth=&#8221;off&#8221; use_custom_width=&#8221;off&#8221; width_unit=&#8221;on&#8221; make_equal=&#8221;off&#8221; use_custom_gutter=&#8221;off&#8221;][et_pb_row admin_label=&#8221;row&#8221;][et_pb_column type=&#8221;4_4&#8243;][et_pb_text admin_label=&#8221;Text&#8221; background_layout=&#8221;light&#8221; text_orientation=&#8221;right&#8221; use_border_color=&#8221;off&#8221; border_color=&#8221;#ffffff&#8221; border_style=&#8221;solid&#8221;]\n<p><a href=\"http:\/\/thurzozoltan.com\/it\/foto\/\"><span id=\"result_box\" class=\"short_text\" lang=\"it\">torna <span class=\"\">agli album<\/span><\/span><\/a><\/p>\n[\/et_pb_text][et_pb_text admin_label=&#8221;Text&#8221; background_layout=&#8221;light&#8221; text_orientation=&#8221;left&#8221; use_border_color=&#8221;off&#8221; border_color=&#8221;#ffffff&#8221; border_style=&#8221;solid&#8221;]\n<p style=\"text-align: justify;\">Come Vienna e il valzer cos\u00ec anche Vienna e famiglia Strauss sono inseparabili.<\/p>\n<p style=\"text-align: justify;\">Vi racconto la storia di un ragazzo che con la sua persistenza, la diligenza e la visione, nella sua vita sale su un trono immaginario!<br \/>\n La musica \u00e8 un linguaggio \u2013 linguaggio che pu\u00f2 essere usato molto bene nel mondo di oggi. I fondamenti del linguaggio musicale lo costituisce un ABC bianco -nero, e la stessa strumentazione basata su 12 toni \u00e8 utilizzata da ciascun compositore. Si cambia solo la forma in cui la musica appare attraverso una singola circostanza di vita. Si pu\u00f2 dire che l&#8217;arredamento, le storie sono le stesse, solo i personaggi cambiano in continuazione.<\/p>\n<p style=\"text-align: justify;\">Questa produzione \u00e8 uno spettacolo che si differenzia dai normali eventi musicali per il fatto che il pubblico pu\u00f2 ascoltare e godere non solo opere musicali correlate al &#8220;tema&#8221; ordinario.<\/p>\n<p style=\"text-align: justify;\">La vita di Johann Strauss Jr. \u00e8 molto interessante, ma pochi sono quelli che la conoscono.<\/p>\n<p style=\"text-align: justify;\">Il presentatore racconta la vita di quel compositore in modo interattivo, cose diverse interessanti sulle circostanze di nascita delle opere che andranno a risuonare , aggiungendo un tocco in pi\u00f9 allo spettacolo usando fatti storici, presentando il mondo dei saloni contemporanei, con la presentazione dell\u2019epoca associata, storie contemporanee,\u00a0 paralleli storici ma anche mediante le pettegolezzi legati ad egli. Spesso coinvolge il suo pubblico organicamente anche durante lo spettacolo, che suscita sempre un buon umore ai presenti.<\/p>\n<p style=\"text-align: justify;\">Thurz\u00f3 Zolt\u00e1n ha creato un nuovo genere che \u00e8 diventato il suo emblema.\u00a0Naturalmente che questo \u00e8 un vantaggio che richiede una preparazione completamente diversa dai concerti individuali &#8216;tradizionali&#8217;.<\/p>\n<p style=\"text-align: justify;\">Ai suoi concerti vuole portare il suo pubblico pi\u00f9 vicino alla musica non solo con il suo gioco, ma anche con le storie emozionanti e colorati della storia musicale.<\/p>\n<p style=\"text-align: justify;\">Strauss tra molte altre cose, ha creato la cosiddetta operetta per danza, dove la musica di danza comprende tutta l\u2019azione. Da una serie di danze semplici dei predecessori\u00a0 ha sviluppato una forma superiore del valzer . Dalla sua musica come una farfalla vol\u00f2 la danza, come la luce del sole dal paesaggio \u201cscuro\u201d. Strauss \u00e8 stato un artista giovane brillante con un\u2019energia e una creativit\u00e0 dei toni senza fine, ai cui piedi si trova l&#8217;intera capitale imperiale.<\/p>\n<p style=\"text-align: justify;\">Venite a conoscere pi\u00f9 da vicino Johann Strausst Jr.!<\/p>\n<p style=\"text-align: justify;\">Alcune foto sull&#8217;evento<\/p>\n<p>&nbsp;<\/p>\n[\/et_pb_text][et_pb_gallery admin_label=&#8221;Gallery&#8221; gallery_ids=&#8221;1969,1870,1873,1876,1879,1882,1885,1888,1891,1894,1897,1900,1903,1906,1909,1912,1915,1918,1921,1924,1927,1930,1933,1936,1939,1942,1945,1948,1951,1954,1957,1960,1963,1966,1972,1975,1978,9816,9822,9828,9834,9858,9852,9846,9840,9864,9870,9876,9882,9888,9895,9901,9932,9926,9914,9938,9944,9950,9956,9962,9969,9975,9981,10005,9999,9993,9987,10011,10017,10023,10030,10036,10042,10054,10060,10066,10072,10078,10102,10096,10090,10084,10108,10114,10120,10127,10151,10145,10139,10133,10157,10163,10169,10175&#8243; fullwidth=&#8221;off&#8221; posts_number=&#8221;20&#8243; show_title_and_caption=&#8221;off&#8221; show_pagination=&#8221;on&#8221; background_layout=&#8221;dark&#8221; auto=&#8221;off&#8221; caption_all_caps=&#8221;off&#8221; use_border_color=&#8221;on&#8221; border_color=&#8221;#fee290&#8243; border_style=&#8221;solid&#8221; hover_overlay_color=&#8221;rgba(254,226,144,0.43)&#8221;] [\/et_pb_gallery][et_pb_button admin_label=&#8221;Button&#8221; url_new_window=&#8221;off&#8221; button_text=&#8221;L&#8217;opinione del pubblico sul concerto&#8221; button_alignment=&#8221;center&#8221; background_layout=&#8221;light&#8221; custom_button=&#8221;off&#8221; button_letter_spacing=&#8221;0&#8243; button_use_icon=&#8221;default&#8221; button_icon_placement=&#8221;right&#8221; button_on_hover=&#8221;on&#8221; button_letter_spacing_hover=&#8221;0&#8243; button_url=&#8221;http:\/\/thurzozoltan.com\/it\/strauss-vilaga-es-ami-mogotte-van-eloadoesttel-kapcsolatos-kozonsegvelemenyek\/&#8221;] [\/et_pb_button][\/et_pb_column][\/et_pb_row][\/et_pb_section]\n","protected":false},"excerpt":{"rendered":"<p>&#8220;Vienna senza Strauss \u00e8 come l&#8217;Austria senza il Danubio&#8221; (Hector Berlioz)<\/p>\n","protected":false},"author":1,"featured_media":1933,"comment_status":"open","ping_status":"open","sticky":false,"template":"","format":"gallery","meta":{"footnotes":""},"categories":[20],"tags":[],"class_list":["post-2575","post","type-post","status-publish","format-gallery","has-post-thumbnail","hentry","category-foto-szervezoknek-it","post_format-post-format-gallery"],"_links":{"self":[{"href":"https:\/\/thurzozoltan.com\/it\/wp-json\/wp\/v2\/posts\/2575","targetHints":{"allow":["GET"]}}],"collection":[{"href":"https:\/\/thurzozoltan.com\/it\/wp-json\/wp\/v2\/posts"}],"about":[{"href":"https:\/\/thurzozoltan.com\/it\/wp-json\/wp\/v2\/types\/post"}],"author":[{"embeddable":true,"href":"https:\/\/thurzozoltan.com\/it\/wp-json\/wp\/v2\/users\/1"}],"replies":[{"embeddable":true,"href":"https:\/\/thurzozoltan.com\/it\/wp-json\/wp\/v2\/comments?post=2575"}],"version-history":[{"count":9,"href":"https:\/\/thurzozoltan.com\/it\/wp-json\/wp\/v2\/posts\/2575\/revisions"}],"predecessor-version":[{"id":10194,"href":"https:\/\/thurzozoltan.com\/it\/wp-json\/wp\/v2\/posts\/2575\/revisions\/10194"}],"wp:featuredmedia":[{"embeddable":true,"href":"https:\/\/thurzozoltan.com\/it\/wp-json\/wp\/v2\/media\/1933"}],"wp:attachment":[{"href":"https:\/\/thurzozoltan.com\/it\/wp-json\/wp\/v2\/media?parent=2575"}],"wp:term":[{"taxonomy":"category","embeddable":true,"href":"https:\/\/thurzozoltan.com\/it\/wp-json\/wp\/v2\/categories?post=2575"},{"taxonomy":"post_tag","embeddable":true,"href":"https:\/\/thurzozoltan.com\/it\/wp-json\/wp\/v2\/tags?post=2575"}],"curies":[{"name":"wp","href":"https:\/\/api.w.org\/{rel}","templated":true}]}}